{"id":2222129,"date":"2013-11-25T14:12:28","date_gmt":"2013-11-25T14:12:28","guid":{"rendered":""},"modified":"-0001-11-30T00:00:00","modified_gmt":"-0001-11-30T00:00:00","slug":"feministet-e-reja-i-prezentojne-deklaraten-presidentes-kryeministrit-dhe-zyrtareve","status":"publish","type":"post","link":"https:\/\/womensnetwork.org\/sq\/feministet-e-reja-i-prezentojne-deklaraten-presidentes-kryeministrit-dhe-zyrtareve\/","title":{"rendered":"Feministet e Reja i Prezentojn\u00eb Deklarat\u00ebn Presidentes, Kryeministrit dhe Zyrtar\u00ebve"},"content":{"rendered":"<p>Feministet e reja d&euml;rguan sot deklarat&euml;n e cila rezultoi nga Forumi Rajonal i Feministeve t&euml; Reja 2013. Deklarata k&euml;rkon zbatimin e kuot&euml;s 30% n&euml; proceset e vendim-marrjes, zbatimin e ligjit p&euml;r arsim parauniversitar, sigurimin e transportit dhe librave p&euml;r t&euml; gjith&euml; student&euml;t e arsimit t&euml; detyruar, p&euml;rfshirjen e psikolog&euml;ve n&euml; shkolla dhe zbatimin e kodit etik p&euml;r mediat e shkruara dhe ato elektronike.<\/p>\n<p>Deklarata, n&euml;p&euml;rmjet s&euml; cil&euml;s vajzat shprehin problemet dhe rekomandimet e tyre, i &euml;sht&euml; d&euml;rguar Presidentes s&euml; Republik&euml;s s&euml; Kosov&euml;s, Znj. Atifete Jahjaga, Kryeministrit t&euml; Republik&euml;s s&euml; Kosov&euml;s, Z. Hashim Tha&ccedil;i, Ministris&euml; s&euml; Arsimit, Shkenc&euml;s dhe Teknologjis&euml;, Ministris&euml; s&euml; Financave, Agjencionit p&euml;r Barazi Gjinore, Parlamentit t&euml; Republik&euml;s s&euml; Kosov&euml;s, Komisionit t&euml; Pavarur p&euml;r Media dhe K&euml;shillit t&euml; Mediave t&euml; Shkruara.<\/p>\n<p>Rrjeti  i Grupeve t&euml; Grave t&euml; Kosov&euml;s (RrGGK), me 13 dhe 14 n&euml;ntor, ka mbajtur Forumin Rajonal t&euml; Feministeve t&euml; Reja 2013, me fokus tek ndikimi q&euml; kan&euml; vajzat p&euml;r &ccedil;&euml;shtjet aktuale vendore dhe globale. Rreth 40 vajza nga e gjith&euml; Kosova (Prishtina, Peja\/Gjakova, Prizreni, Gjilani, Mitrovica) dhe nga shtetet fqinje t&euml; rajonit (Serbia, Maqedonia, Kroacia) jan&euml; mbledhur s&euml; bashku t&euml; punojn&euml; n&euml; &ccedil;&euml;shtjet e ngritura p&euml;rmes Iniciativ&euml;s p&euml;r Fuqizimin e Vajzave (IFV). Ato gjithashtu punuan mbi aktivitetet dhe strategjit&euml; avokuese, feminizmin, komunikimin dhe p&euml;rfshirjen e vajzave n&euml; procese vendim-marr&euml;se. Problemet m&euml; t&euml; m&euml;dha t&euml; ngritura nga vajzat e Kosov&euml;s, jan&euml; qasja n&euml; arsim dhe p&euml;rfshirja e psikolog&euml;ve n&euml; shkolla.<\/p>\n<p>\n<a href=\"https:\/\/womensnetwork.org\/documents\/20131127140945971.pdf\">K&euml;tu<\/a> mund t&euml; lexoni Deklarat&euml;n e plot&euml; t&euml; Forumit.<br \/>\n&nbsp;<\/p>\n","protected":false},"excerpt":{"rendered":"<p>Feministet e reja d&euml;rguan sot deklarat&euml;n e cila rezultoi nga Forumi Rajonal i Feministeve t&euml; Reja 2013. Deklarata k&euml;rkon zbatimin e kuot&euml;s 30% n&euml; proceset e vendim-marrjes, zbatimin e ligjit p&euml;r arsim parauniversitar, sigurimin e transportit dhe librave p&euml;r t&euml; gjith&euml; student&euml;t e arsimit t&euml; detyruar, p&euml;rfshirjen e psikolog&euml;ve n&euml; shkolla dhe zbatimin e kodit [&hellip;]<\/p>\n","protected":false},"author":1,"featured_media":0,"comment_status":"open","ping_status":"open","sticky":false,"template":"","format":"standard","meta":{"_FSMCFIC_featured_image_caption":"","_FSMCFIC_featured_image_nocaption":"","_FSMCFIC_featured_image_hide":"","footnotes":""},"categories":[58],"tags":[],"class_list":["post-2222129","post","type-post","status-publish","format-standard","hentry","category-lajme"],"acf":[],"_links":{"self":[{"href":"https:\/\/womensnetwork.org\/sq\/wp-json\/wp\/v2\/posts\/2222129","targetHints":{"allow":["GET"]}}],"collection":[{"href":"https:\/\/womensnetwork.org\/sq\/wp-json\/wp\/v2\/posts"}],"about":[{"href":"https:\/\/womensnetwork.org\/sq\/wp-json\/wp\/v2\/types\/post"}],"author":[{"embeddable":true,"href":"https:\/\/womensnetwork.org\/sq\/wp-json\/wp\/v2\/users\/1"}],"replies":[{"embeddable":true,"href":"https:\/\/womensnetwork.org\/sq\/wp-json\/wp\/v2\/comments?post=2222129"}],"version-history":[{"count":0,"href":"https:\/\/womensnetwork.org\/sq\/wp-json\/wp\/v2\/posts\/2222129\/revisions"}],"wp:attachment":[{"href":"https:\/\/womensnetwork.org\/sq\/wp-json\/wp\/v2\/media?parent=2222129"}],"wp:term":[{"taxonomy":"category","embeddable":true,"href":"https:\/\/womensnetwork.org\/sq\/wp-json\/wp\/v2\/categories?post=2222129"},{"taxonomy":"post_tag","embeddable":true,"href":"https:\/\/womensnetwork.org\/sq\/wp-json\/wp\/v2\/tags?post=2222129"}],"curies":[{"name":"wp","href":"https:\/\/api.w.org\/{rel}","templated":true}]}}