{"id":2222134,"date":"2013-12-23T12:40:53","date_gmt":"2013-12-23T12:40:53","guid":{"rendered":""},"modified":"-0001-11-30T00:00:00","modified_gmt":"-0001-11-30T00:00:00","slug":"kryetari-i-ri-i-zgjedhur-i-komunes-se-prishtines-shpend-ahmeti-viziton-rrggk-ne","status":"publish","type":"post","link":"https:\/\/womensnetwork.org\/sq\/kryetari-i-ri-i-zgjedhur-i-komunes-se-prishtines-shpend-ahmeti-viziton-rrggk-ne\/","title":{"rendered":"Kryetari i ri i zgjedhur i komun\u00ebs s\u00eb Prishtin\u00ebs, Shpend Ahmeti, viziton RrGGK-n\u00eb"},"content":{"rendered":"<p>Kryetari i ri i zgjedhur i Prishtin&euml;s, Shpend Ahmeti, vizitoi sot Rrjetin e Grupeve t&euml; Grave t&euml; Kosov&euml;s (RrGGK).<\/p>\n<p>Stafi i RrGGK-s&euml; fillimisht fal&euml;nderoi Z. Ahmetin p&euml;r viziten, duke theksuar se kjo &euml;sht&euml; vizita e par&euml; e realizuar nga nj&euml; kryetar i komun&euml;s s&euml; Prishtin&euml;s n&euml; zyret e RrGGK. M&euml; tutje, atij iu prezantua strategjia dhe programet e RrGGK-s&euml;.<\/p>\n<p>Z. Ahmeti shprehu gatishm&euml;rin&euml; p&euml;r bashk&euml;punim me RrGGK-n&euml; p&euml;r fuqizimin e grave dhe vajzave.<br \/>\n&nbsp;<\/p>\n","protected":false},"excerpt":{"rendered":"<p>Kryetari i ri i zgjedhur i komun\u00c3\u00abs s\u00c3\u00ab Prishtin\u00c3\u00abs, Shpend Ahmeti, viziton RrGGK-n\u00c3\u00ab<\/p>\n","protected":false},"author":1,"featured_media":0,"comment_status":"open","ping_status":"open","sticky":false,"template":"","format":"standard","meta":{"_FSMCFIC_featured_image_caption":"","_FSMCFIC_featured_image_nocaption":"","_FSMCFIC_featured_image_hide":"","footnotes":""},"categories":[58],"tags":[],"class_list":["post-2222134","post","type-post","status-publish","format-standard","hentry","category-lajme"],"acf":[],"_links":{"self":[{"href":"https:\/\/womensnetwork.org\/sq\/wp-json\/wp\/v2\/posts\/2222134","targetHints":{"allow":["GET"]}}],"collection":[{"href":"https:\/\/womensnetwork.org\/sq\/wp-json\/wp\/v2\/posts"}],"about":[{"href":"https:\/\/womensnetwork.org\/sq\/wp-json\/wp\/v2\/types\/post"}],"author":[{"embeddable":true,"href":"https:\/\/womensnetwork.org\/sq\/wp-json\/wp\/v2\/users\/1"}],"replies":[{"embeddable":true,"href":"https:\/\/womensnetwork.org\/sq\/wp-json\/wp\/v2\/comments?post=2222134"}],"version-history":[{"count":0,"href":"https:\/\/womensnetwork.org\/sq\/wp-json\/wp\/v2\/posts\/2222134\/revisions"}],"wp:attachment":[{"href":"https:\/\/womensnetwork.org\/sq\/wp-json\/wp\/v2\/media?parent=2222134"}],"wp:term":[{"taxonomy":"category","embeddable":true,"href":"https:\/\/womensnetwork.org\/sq\/wp-json\/wp\/v2\/categories?post=2222134"},{"taxonomy":"post_tag","embeddable":true,"href":"https:\/\/womensnetwork.org\/sq\/wp-json\/wp\/v2\/tags?post=2222134"}],"curies":[{"name":"wp","href":"https:\/\/api.w.org\/{rel}","templated":true}]}}