{"id":2222143,"date":"2014-02-03T13:41:40","date_gmt":"2014-02-03T13:41:40","guid":{"rendered":""},"modified":"-0001-11-30T00:00:00","modified_gmt":"-0001-11-30T00:00:00","slug":"rrggk-perkrahe-kerkesat-e-studenteve-te-universitetit-te-prishtines-hasan-prishtina","status":"publish","type":"post","link":"https:\/\/womensnetwork.org\/sq\/rrggk-perkrahe-kerkesat-e-studenteve-te-universitetit-te-prishtines-hasan-prishtina\/","title":{"rendered":"RrGGK p\u00ebrkrah\u00eb k\u00ebrkesat e student\u00ebve  t\u00eb Universitetit t\u00eb Prishtin\u00ebs \u201cHasan Prishtina\u201d"},"content":{"rendered":"<p style=\"text-align: justify;\">Rrjeti i Grupeve t&euml; Grave t&euml; Kosov&euml;s (RrGGK) sot mbajti takimin e rregullt t&euml; an&euml;tareve t&euml; Rrjetit ku&nbsp;morr&euml;n pjes&euml; p&euml;rfaq&euml;suese t&euml; rreth 70 organizatave an&euml;tare t&euml; RrGGK-s&euml;. N&euml; k&euml;t&euml; takim u vendos q&euml; RrGGK t&euml; shpreh p&euml;rkrahjen p&euml;r k&euml;rkesat e student&euml;ve t&euml; Universitetit t&euml;&nbsp;Prishtin&euml;s &ldquo;Hasan Prishtina&rdquo;. <\/p>\n<p style=\"text-align: justify;\">RrGGK konsideron se k&euml;to k&euml;rkesa jan&euml; t&euml; drejta dhe se Universiteti i Prishtin&euml;s nuk duhet t&euml; jet&euml; i politizuar, ai duhet tu takoj&euml; vet&euml;m sdudent&euml;ve.<\/p>\n<p style=\"text-align: justify;\"><em>Rrjetit i Grupeve t&euml; Grave t&euml; Kosov&euml;s (RRGGK) &euml;sht&euml; t&euml; p&euml;rkrah&euml;, mbroj&euml; dhe promovoj&euml; t&euml; drejtat dhe interesat e grave dhe vajzave anemban&euml; Kosov&euml;s, pa marr&euml; parasysh bindjet e tyre politike, religjionin, mosh&euml;n, nivelin e arsimimit, orientimin seksual apo aft&euml;sit&euml; e kufizuara. RrGGK p&euml;rmbush misionin e vet p&euml;rmes k&euml;mbimit t&euml; p&euml;rvojave dhe informatave, partneriteteve dhe rrjet&euml;zimit, hulumtimeve, avokimit dhe ofrimit t&euml; sh&euml;rbimeve. Si Rrjet i 75 organizatave t&euml; grave nga t&euml; gjitha grupet etnike n&euml; t&euml;r&euml; Kosov&euml;n, RrGGK avokon n&euml; em&euml;r t&euml; grave kosovare n&euml; nivel lokal, rajonal dhe nd&euml;rkomb&euml;tar.&nbsp;<\/em><\/p>\n","protected":false},"excerpt":{"rendered":"<p>Rrjeti i Grupeve t&euml; Grave t&euml; Kosov&euml;s (RrGGK) sot mbajti takimin e rregullt t&euml; an&euml;tareve t&euml; Rrjetit ku&nbsp;morr&euml;n pjes&euml; p&euml;rfaq&euml;suese t&euml; rreth 70 organizatave an&euml;tare t&euml; RrGGK-s&euml;. N&euml; k&euml;t&euml; takim u vendos q&euml; RrGGK t&euml; shpreh p&euml;rkrahjen p&euml;r k&euml;rkesat e student&euml;ve t&euml; Universitetit t&euml;&nbsp;Prishtin&euml;s &ldquo;Hasan Prishtina&rdquo;. RrGGK konsideron se k&euml;to k&euml;rkesa jan&euml; t&euml; drejta dhe [&hellip;]<\/p>\n","protected":false},"author":1,"featured_media":0,"comment_status":"open","ping_status":"open","sticky":false,"template":"","format":"standard","meta":{"_FSMCFIC_featured_image_caption":"","_FSMCFIC_featured_image_nocaption":"","_FSMCFIC_featured_image_hide":"","footnotes":""},"categories":[58],"tags":[],"class_list":["post-2222143","post","type-post","status-publish","format-standard","hentry","category-lajme"],"acf":[],"_links":{"self":[{"href":"https:\/\/womensnetwork.org\/sq\/wp-json\/wp\/v2\/posts\/2222143","targetHints":{"allow":["GET"]}}],"collection":[{"href":"https:\/\/womensnetwork.org\/sq\/wp-json\/wp\/v2\/posts"}],"about":[{"href":"https:\/\/womensnetwork.org\/sq\/wp-json\/wp\/v2\/types\/post"}],"author":[{"embeddable":true,"href":"https:\/\/womensnetwork.org\/sq\/wp-json\/wp\/v2\/users\/1"}],"replies":[{"embeddable":true,"href":"https:\/\/womensnetwork.org\/sq\/wp-json\/wp\/v2\/comments?post=2222143"}],"version-history":[{"count":0,"href":"https:\/\/womensnetwork.org\/sq\/wp-json\/wp\/v2\/posts\/2222143\/revisions"}],"wp:attachment":[{"href":"https:\/\/womensnetwork.org\/sq\/wp-json\/wp\/v2\/media?parent=2222143"}],"wp:term":[{"taxonomy":"category","embeddable":true,"href":"https:\/\/womensnetwork.org\/sq\/wp-json\/wp\/v2\/categories?post=2222143"},{"taxonomy":"post_tag","embeddable":true,"href":"https:\/\/womensnetwork.org\/sq\/wp-json\/wp\/v2\/tags?post=2222143"}],"curies":[{"name":"wp","href":"https:\/\/api.w.org\/{rel}","templated":true}]}}