{"id":2222162,"date":"2014-03-18T13:09:17","date_gmt":"2014-03-18T13:09:17","guid":{"rendered":""},"modified":"-0001-11-30T00:00:00","modified_gmt":"-0001-11-30T00:00:00","slug":"rrggk-shpreh-ngushellime-me-rastin-e-nderrimit-te-jetes-se-dr-gani-demolli","status":"publish","type":"post","link":"https:\/\/womensnetwork.org\/sq\/rrggk-shpreh-ngushellime-me-rastin-e-nderrimit-te-jetes-se-dr-gani-demolli\/","title":{"rendered":"RrGGK shpreh ngush\u00ebllime me rastin  e nd\u00ebrrimit t\u00eb jet\u00ebs s\u00eb Dr. Gani Demolli"},"content":{"rendered":"<p style=\"text-align: justify;\">Rrjeti i Grupeve t&euml; Grave t&euml; Kosov&euml;s (RrGGK) me pik&euml;llim t&euml; thell&euml; mori lajmin p&euml;r nd&euml;rrimin e jet&euml;s s&euml; Humanistit, Themeluesit t&euml; Sh&euml;rbimit Sh&euml;ndet&euml;sor t&euml; Kosov&euml;s, Dr. Gani Demolli.<\/p>\n<p>Aktivistet e organizatave t&euml; grave, t&euml; cilat jan&euml; an&euml;tare t&euml; RrGGK do ta kujtojn&euml; Dr. Demollin si nj&euml; humanist q&euml; ka shp&euml;tuar jet&euml; t&euml; grave dhe burrave t&euml; Kosov&euml;s, nj&euml; aktivist q&euml; besonte n&euml; barazin&euml; gjinore, nj&euml; guximtar i cili edhe n&euml; koh&euml;n kur regjimi serb mbyllte sht&euml;pit&euml; sh&euml;ndet&euml;sore, ai hapte ambulanta edhe n&euml;p&euml;r viset m&euml; rurale.<\/p>\n<p>Me k&euml;t&euml; rast shprehim ngush&euml;llimet tona m&euml; t&euml; sinqerta familjes Demolli.<\/p>\n<p>&nbsp;<\/p>\n","protected":false},"excerpt":{"rendered":"<p>Rrjeti i Grupeve t&euml; Grave t&euml; Kosov&euml;s (RrGGK) me pik&euml;llim t&euml; thell&euml; mori lajmin p&euml;r nd&euml;rrimin e jet&euml;s s&euml; Humanistit, Themeluesit t&euml; Sh&euml;rbimit Sh&euml;ndet&euml;sor t&euml; Kosov&euml;s, Dr. Gani Demolli. Aktivistet e organizatave t&euml; grave, t&euml; cilat jan&euml; an&euml;tare t&euml; RrGGK do ta kujtojn&euml; Dr. Demollin si nj&euml; humanist q&euml; ka shp&euml;tuar jet&euml; t&euml; grave dhe [&hellip;]<\/p>\n","protected":false},"author":1,"featured_media":0,"comment_status":"open","ping_status":"open","sticky":false,"template":"","format":"standard","meta":{"_FSMCFIC_featured_image_caption":"","_FSMCFIC_featured_image_nocaption":"","_FSMCFIC_featured_image_hide":"","footnotes":""},"categories":[58],"tags":[],"class_list":["post-2222162","post","type-post","status-publish","format-standard","hentry","category-lajme"],"acf":[],"_links":{"self":[{"href":"https:\/\/womensnetwork.org\/sq\/wp-json\/wp\/v2\/posts\/2222162","targetHints":{"allow":["GET"]}}],"collection":[{"href":"https:\/\/womensnetwork.org\/sq\/wp-json\/wp\/v2\/posts"}],"about":[{"href":"https:\/\/womensnetwork.org\/sq\/wp-json\/wp\/v2\/types\/post"}],"author":[{"embeddable":true,"href":"https:\/\/womensnetwork.org\/sq\/wp-json\/wp\/v2\/users\/1"}],"replies":[{"embeddable":true,"href":"https:\/\/womensnetwork.org\/sq\/wp-json\/wp\/v2\/comments?post=2222162"}],"version-history":[{"count":0,"href":"https:\/\/womensnetwork.org\/sq\/wp-json\/wp\/v2\/posts\/2222162\/revisions"}],"wp:attachment":[{"href":"https:\/\/womensnetwork.org\/sq\/wp-json\/wp\/v2\/media?parent=2222162"}],"wp:term":[{"taxonomy":"category","embeddable":true,"href":"https:\/\/womensnetwork.org\/sq\/wp-json\/wp\/v2\/categories?post=2222162"},{"taxonomy":"post_tag","embeddable":true,"href":"https:\/\/womensnetwork.org\/sq\/wp-json\/wp\/v2\/tags?post=2222162"}],"curies":[{"name":"wp","href":"https:\/\/api.w.org\/{rel}","templated":true}]}}