{"id":2222165,"date":"2014-04-07T10:34:16","date_gmt":"2014-04-07T10:34:16","guid":{"rendered":""},"modified":"2018-11-15T13:24:42","modified_gmt":"2018-11-15T13:24:42","slug":"ldquograte-avokojne-ne-nivel-lokalrdquo-organizuar-nga-rrggk","status":"publish","type":"post","link":"https:\/\/womensnetwork.org\/sq\/ldquograte-avokojne-ne-nivel-lokalrdquo-organizuar-nga-rrggk\/","title":{"rendered":"&ldquo;Grat\u00eb Avokojn\u00eb n\u00eb Nivel Lokal&rdquo; organizuar nga RRGGK"},"content":{"rendered":"<p style=\"text-align: justify;\">Rrjeti i Grupeve t\u00eb Grave t\u00eb Kosov\u00ebs (RrGGK) organizoi pun\u00ebtorin\u00eb dy ditore n\u00eb Durr\u00ebs, me 28-30 mars, me q\u00ebllim t\u00eb bashk\u00ebpunimit m\u00eb t\u00eb mir\u00eb n\u00eb mes grave n\u00eb Asamblet\u00eb komunale dhe organizatave q\u00eb jan\u00eb an\u00ebtare t\u00eb RRGGK.<\/p>\n<div style=\"margin-bottom: 0.0001pt;\">N\u00eb kuad\u00ebr t\u00eb Strategjis\u00eb s\u00eb Veprimit t\u00eb RrGGK, nj\u00ebra nd\u00ebr objektivat m\u00eb t\u00eb r\u00ebnd\u00ebsishme \u00ebsht\u00eb: Grat\u00eb t\u00eb marrin pjes\u00eb aktive n\u00eb politik\u00eb dhe vendimmarrje n\u00eb nivel lokal dhe q\u00ebndror.<\/div>\n<div style=\"margin-bottom: 0.0001pt; text-align: justify;\">RrGGK e sheh t\u00eb mundur k\u00ebt\u00eb pjes\u00ebmarrje aktive duke bashk\u00ebpunuar dhe avokuar s\u00eb bashku me organizatat e grave p\u00ebr \u00e7\u00ebshtjet q\u00eb preokupojn\u00eb grat\u00eb n\u00eb nivel lokal dhe qendror.<\/div>\n<div style=\"margin-bottom: 0.0001pt; text-align: justify;\"><\/div>\n<div style=\"margin-bottom: 0.0001pt; text-align: justify;\">Gjat\u00eb pun\u00ebtoris\u00eb n\u00eb Durr\u00ebs, grat\u00eb n\u00eb politik\u00eb dhe organizatat e grave, planifikuan s\u00eb bashku p\u00ebr \u00e7\u00ebshtjet q\u00eb duhet avokuar drejt p\u00ebrmir\u00ebsimit t\u00eb pozit\u00ebs s\u00eb grave n\u00eb nivel lokal.<\/div>\n<div style=\"margin-bottom: 0.0001pt; text-align: justify;\">RrGGK ka ftuar p\u00ebr k\u00ebt\u00eb pun\u00ebtori 50 gra nga k\u00ebto komuna: Prizreni, Gjilani, Novob\u00ebrda, Obili\u00e7i, Dragashi, Ferizaji, Vitia, Drenasi, Lipjani dhe Vushtrria.<\/div>\n","protected":false},"excerpt":{"rendered":"<p>Rrjeti i Grupeve t\u00eb Grave t\u00eb Kosov\u00ebs (RrGGK) organizoi pun\u00ebtorin\u00eb dy ditore n\u00eb Durr\u00ebs, me 28-30 mars, me q\u00ebllim t\u00eb bashk\u00ebpunimit m\u00eb t\u00eb mir\u00eb n\u00eb mes grave n\u00eb Asamblet\u00eb komunale dhe organizatave q\u00eb jan\u00eb an\u00ebtare t\u00eb RRGGK. N\u00eb kuad\u00ebr t\u00eb Strategjis\u00eb s\u00eb Veprimit t\u00eb RrGGK, nj\u00ebra nd\u00ebr objektivat m\u00eb t\u00eb r\u00ebnd\u00ebsishme \u00ebsht\u00eb: Grat\u00eb t\u00eb marrin [&hellip;]<\/p>\n","protected":false},"author":1,"featured_media":0,"comment_status":"open","ping_status":"open","sticky":false,"template":"","format":"standard","meta":{"_FSMCFIC_featured_image_caption":"","_FSMCFIC_featured_image_nocaption":"","_FSMCFIC_featured_image_hide":"","footnotes":""},"categories":[58,88,84],"tags":[],"class_list":["post-2222165","post","type-post","status-publish","format-standard","hentry","category-lajme","category-ngritje-te-kapaciteve-te-rrgk-se","category-programet"],"acf":[],"_links":{"self":[{"href":"https:\/\/womensnetwork.org\/sq\/wp-json\/wp\/v2\/posts\/2222165","targetHints":{"allow":["GET"]}}],"collection":[{"href":"https:\/\/womensnetwork.org\/sq\/wp-json\/wp\/v2\/posts"}],"about":[{"href":"https:\/\/womensnetwork.org\/sq\/wp-json\/wp\/v2\/types\/post"}],"author":[{"embeddable":true,"href":"https:\/\/womensnetwork.org\/sq\/wp-json\/wp\/v2\/users\/1"}],"replies":[{"embeddable":true,"href":"https:\/\/womensnetwork.org\/sq\/wp-json\/wp\/v2\/comments?post=2222165"}],"version-history":[{"count":2,"href":"https:\/\/womensnetwork.org\/sq\/wp-json\/wp\/v2\/posts\/2222165\/revisions"}],"predecessor-version":[{"id":3337694,"href":"https:\/\/womensnetwork.org\/sq\/wp-json\/wp\/v2\/posts\/2222165\/revisions\/3337694"}],"wp:attachment":[{"href":"https:\/\/womensnetwork.org\/sq\/wp-json\/wp\/v2\/media?parent=2222165"}],"wp:term":[{"taxonomy":"category","embeddable":true,"href":"https:\/\/womensnetwork.org\/sq\/wp-json\/wp\/v2\/categories?post=2222165"},{"taxonomy":"post_tag","embeddable":true,"href":"https:\/\/womensnetwork.org\/sq\/wp-json\/wp\/v2\/tags?post=2222165"}],"curies":[{"name":"wp","href":"https:\/\/api.w.org\/{rel}","templated":true}]}}