{"id":222217,"date":"2013-01-20T23:40:30","date_gmt":"2013-01-20T23:40:30","guid":{"rendered":""},"modified":"2018-11-15T14:41:19","modified_gmt":"2018-11-15T14:41:19","slug":"rrggk-takohet-me-gra-aktiviste-nga-liberis-afganistani-dhe-kongo","status":"publish","type":"post","link":"https:\/\/womensnetwork.org\/sq\/rrggk-takohet-me-gra-aktiviste-nga-liberis-afganistani-dhe-kongo\/","title":{"rendered":"RrGGK takohet me gra aktiviste nga Liberis, Afganistani dhe Kongo"},"content":{"rendered":"<p>N\u00eb kuad\u00ebr t\u00eb projektit \u201cNd\u00ebrtimi i Paqes\u201d i implementuar nga organizata themeluese \u201cMedica Mondiale\u201d me seli n\u00eb Gjermani, \u201cMedica Kosova\u201d ka organizuar takimin nj\u00ebjavor t\u00eb projekteve simotra nga Liberia, Afganistani, dhe Republika Demokratike e Kongos.<\/p>\n<p>Gjat\u00eb vizit\u00ebs nj\u00eb-javore n\u00eb Kosov\u00eb, p\u00ebrfaq\u00ebsueset e k\u00ebtyre vendeve s\u00eb bashku me koleget nga Gjermania dhe p\u00ebrfaq\u00ebsuesja e ISIS Europe (International Security Information Service) kan\u00eb realizuar nj\u00eb takim pune nj\u00ebditor me Rrjetin e Grupeve t\u00eb Grave t\u00eb Kosov\u00ebs n\u00eb Prishtin\u00eb t\u00eb p\u00ebrfaq\u00ebsuar nga Drejtoresha Ekzekutive, znj. Igballe Rogova dhe Kryetarja e Bordit, znj. Beti Muharremi. Takimi kishte p\u00ebr q\u00ebllim njohjen me aktivistet e t\u00eb drejtave t\u00eb grave nga Afrika dhe Afganistani si dhe bartja e p\u00ebrvoj\u00ebs s\u00eb RrGGK-s\u00eb p\u00ebr themelimin dhe funksionimin e rrjetit n\u00eb koh\u00ebn e pas-luft\u00ebs dhe p\u00ebrfshirja e t\u00eb gjitha grupeve etnike n\u00eb realizimin e aktiviteteve si rrjet. Mesazhi i Drejtoresh\u00ebs s\u00eb RrGGK-s\u00eb drejtuar mysafireve nga Afrika dhe Afganistani kishte t\u00eb b\u00ebnte me forc\u00ebn dhe vullnetin e grave p\u00ebr t\u00eb nd\u00ebrtuar rrjete t\u00eb fuqishme duke mos lejuar nd\u00ebrhyrjet politike t\u00eb donator\u00ebve dhe jasht\u00eb kufijve etnik dhe religjioz.<\/p>\n<p>Rogova ka ofruar nj\u00eb shembull t\u00eb nj\u00eb praktike m\u00eb t\u00eb mir\u00eb t\u00eb pun\u00ebs s\u00eb rrjetit n\u00eb realizimin e fushatave dhe aktiviteteve avokuese, shembull ky q\u00eb u mir\u00ebprit nga p\u00ebrfaq\u00ebsueset e Liberis\u00eb, RD t\u00eb Kongos dhe Afganistanit. Pjes\u00ebmarr\u00ebset e k\u00ebtij takimi u inspiruan dhe inkurajuan nga p\u00ebrvojat e RrGGKs\u00eb, sidomos nga fillimi i themelimit dhe sfidat e shumta gjat\u00eb pun\u00ebs s\u00eb rrjetit.<\/p>\n","protected":false},"excerpt":{"rendered":"<p>N\u00eb kuad\u00ebr t\u00eb projektit \u201cNd\u00ebrtimi i Paqes\u201d i implementuar nga organizata themeluese \u201cMedica Mondiale\u201d me seli n\u00eb Gjermani, \u201cMedica Kosova\u201d ka organizuar takimin nj\u00ebjavor t\u00eb projekteve simotra nga Liberia, Afganistani, dhe Republika Demokratike e Kongos. Gjat\u00eb vizit\u00ebs nj\u00eb-javore n\u00eb Kosov\u00eb, p\u00ebrfaq\u00ebsueset e k\u00ebtyre vendeve s\u00eb bashku me koleget nga Gjermania dhe p\u00ebrfaq\u00ebsuesja e ISIS Europe [&hellip;]<\/p>\n","protected":false},"author":1,"featured_media":0,"comment_status":"open","ping_status":"open","sticky":false,"template":"","format":"standard","meta":{"_FSMCFIC_featured_image_caption":"","_FSMCFIC_featured_image_nocaption":"","_FSMCFIC_featured_image_hide":"","footnotes":""},"categories":[58,88,84],"tags":[],"class_list":["post-222217","post","type-post","status-publish","format-standard","hentry","category-lajme","category-ngritje-te-kapaciteve-te-rrgk-se","category-programet"],"acf":[],"_links":{"self":[{"href":"https:\/\/womensnetwork.org\/sq\/wp-json\/wp\/v2\/posts\/222217","targetHints":{"allow":["GET"]}}],"collection":[{"href":"https:\/\/womensnetwork.org\/sq\/wp-json\/wp\/v2\/posts"}],"about":[{"href":"https:\/\/womensnetwork.org\/sq\/wp-json\/wp\/v2\/types\/post"}],"author":[{"embeddable":true,"href":"https:\/\/womensnetwork.org\/sq\/wp-json\/wp\/v2\/users\/1"}],"replies":[{"embeddable":true,"href":"https:\/\/womensnetwork.org\/sq\/wp-json\/wp\/v2\/comments?post=222217"}],"version-history":[{"count":1,"href":"https:\/\/womensnetwork.org\/sq\/wp-json\/wp\/v2\/posts\/222217\/revisions"}],"predecessor-version":[{"id":3337787,"href":"https:\/\/womensnetwork.org\/sq\/wp-json\/wp\/v2\/posts\/222217\/revisions\/3337787"}],"wp:attachment":[{"href":"https:\/\/womensnetwork.org\/sq\/wp-json\/wp\/v2\/media?parent=222217"}],"wp:term":[{"taxonomy":"category","embeddable":true,"href":"https:\/\/womensnetwork.org\/sq\/wp-json\/wp\/v2\/categories?post=222217"},{"taxonomy":"post_tag","embeddable":true,"href":"https:\/\/womensnetwork.org\/sq\/wp-json\/wp\/v2\/tags?post=222217"}],"curies":[{"name":"wp","href":"https:\/\/api.w.org\/{rel}","templated":true}]}}