{"id":2222170,"date":"2014-04-08T18:27:56","date_gmt":"2014-04-08T18:27:56","guid":{"rendered":""},"modified":"-0001-11-30T00:00:00","modified_gmt":"-0001-11-30T00:00:00","slug":"zyrtaret-e-kfor-it-mesojne-nga-pervojat-e-aktivisteve-per-te-drejtat-e-grave-kontribut-ne-zbatimin-e-rezolutes-1325-uncsr","status":"publish","type":"post","link":"https:\/\/womensnetwork.org\/sq\/zyrtaret-e-kfor-it-mesojne-nga-pervojat-e-aktivisteve-per-te-drejtat-e-grave-kontribut-ne-zbatimin-e-rezolutes-1325-uncsr\/","title":{"rendered":"Zyrtar\u00ebt e KFOR-it M\u00ebsojn\u00eb nga P\u00ebrvojat e Aktivisteve p\u00ebr t\u00eb Drejtat e Grave, Kontribut n\u00eb zbatimin e Rezolut\u00ebs 1325 UNCSR"},"content":{"rendered":"<p style=\"text-align: justify;\">&nbsp;<span style=\"letter-spacing: -0.3pt;\">M&euml; 14 mars, Komandanti i Forcave t&euml; NATO-s n&euml; Kosov&euml; (KFOR), Gjeneral-Major-Salvatore FARINA, mir&euml;priti aktivistet e t&euml; drejtave t&euml; grave p&euml;r t&euml; folur me zyrtar&euml;t e lart&euml; p&euml;r pozit&euml;n e grave n&euml; Kosov&euml;.&nbsp;<\/span><span style=\"RRGK Book&quot;;\nletter-spacing:-.3pt;\">Igballe Rogova, Drejtore Ekzekutive e RrGGK-s&euml;, informoi zyrtar&euml;t e KFOR-it, duke dh&euml;n&euml; nj&euml; kronologji t&euml; p&euml;rfshirjes s&euml; grave n&euml; proceset e paqes q&euml; nga viti 1994. P&euml;rfshir&euml; aktivistet e Kosov&euml;s n&euml; takimet Ish-Jugosllave t&euml; Grave n&euml; t&euml; Zeza, t&euml; cilat e nxit&euml;n marr&euml;dh&euml;nien pozitive n&euml; mes t&euml; gjith&euml; grupeve etnike, duke leht&euml;suar procesin e nd&euml;rtimit t&euml; paqes pas konfliktit. &ldquo;Kjo p&euml;rvoj&euml; na m&euml;soi t&euml; urrejm&euml; regjimin Serb, por jo njer&euml;zit Serb,&rdquo; tha Rogova. Ajo gjithashtu theksoi se parat&euml; nuk mund t&euml; blejn&euml; pajtimin dhe se bashk&euml;punimi n&euml; mes t&euml; grupeve etnike duhet t&euml; vij&euml; n&euml; koh&euml;n ton&euml; dhe m&euml;nyr&euml;n ton&euml;.&quot;<br \/>\n<\/span><span style=\"RRGK Book&quot;;\nletter-spacing:-.3pt;\">&nbsp; &nbsp; &nbsp;P&euml;r t&euml; argumentuar k&euml;t&euml;, ajo ndau storie nga p&euml;rpjekjet e RrGGK-s&euml; p&euml;r t&euml; rind&euml;rtuar marr&euml;dh&euml;niet midis serb&euml;ve dhe shqiptar&euml;ve q&euml; nga viti 2000. Rogova gjithashtu theksoi r&euml;nd&euml;sin&euml; e p&euml;rfshirjes s&euml; burrave n&euml; avancimin e barazis&euml; gjinore n&euml; situatat pas konfliktit.<br \/>\n<\/span><span style=\"RRGK Book&quot;;\nletter-spacing:-.3pt;\">&nbsp; &nbsp; &nbsp;Af&euml;rdita Sylaj nga <\/span><a href=\"http:\/\/www.cbmitrovica.org\/sq\/\">Community Building Mitrovica (CBM)<\/a><span style=\"RRGK Book&quot;;\nletter-spacing:-.3pt;\">foli gjithashtu p&euml;r rolin q&euml; organizata e saj ka pasur n&euml; nd&euml;rtimin e marr&euml;dh&euml;nieve mes grupeve t&euml; ndryshme etnike q&euml; jetojn&euml; n&euml; pjes&euml;n veriore t&euml; Mitrovic&euml;s.<br \/>\n<\/span><span style=\"RRGK Book&quot;;\nletter-spacing:-.3pt;\">&nbsp; &nbsp; &nbsp;Pas k&euml;tij diskutimi t&euml; nivelit t&euml; lart&euml;, u organizua nj&euml; takim mes Rogov&euml;s, K&euml;shilltares t&euml; KFOR-it&nbsp; p&euml;r &ccedil;&euml;shtje Gjinore Lotta Ekvall dhe Komandantit t&euml; KFOR-it, Gjeneral-Major-Salvatore Farina n&euml; Film City, Prishtin&euml;, me 14 mars. Gjat&euml; takimit, ata diskutuan &ccedil;&euml;shtje politike, zgjedhjet lokale dhe statusin e grave n&euml; Kosov&euml;.<br \/>\n<\/span><span style=\"RRGK Book&quot;;\nletter-spacing:-.3pt;\">&nbsp; &nbsp; &nbsp;RrGGK mir&euml;pret dhe falenderon KFOR-in p&euml;r p&euml;rpjekjet e fundit p&euml;r t&euml; zbatuar Rezolut&euml;n 1325 duke u konsultuar me aktivistet p&euml;r t&euml; drjetat e grave p&euml;r nevojat &nbsp;specifike n&euml; kontekstin e pas luft&euml;s n&euml; Kosov&euml;<\/span>.<\/p>\n","protected":false},"excerpt":{"rendered":"<p>&nbsp;M&euml; 14 mars, Komandanti i Forcave t&euml; NATO-s n&euml; Kosov&euml; (KFOR), Gjeneral-Major-Salvatore FARINA, mir&euml;priti aktivistet e t&euml; drejtave t&euml; grave p&euml;r t&euml; folur me zyrtar&euml;t e lart&euml; p&euml;r pozit&euml;n e grave n&euml; Kosov&euml;.&nbsp;Igballe Rogova, Drejtore Ekzekutive e RrGGK-s&euml;, informoi zyrtar&euml;t e KFOR-it, duke dh&euml;n&euml; nj&euml; kronologji t&euml; p&euml;rfshirjes s&euml; grave n&euml; proceset e paqes q&euml; [&hellip;]<\/p>\n","protected":false},"author":1,"featured_media":0,"comment_status":"open","ping_status":"open","sticky":false,"template":"","format":"standard","meta":{"_FSMCFIC_featured_image_caption":"","_FSMCFIC_featured_image_nocaption":"","_FSMCFIC_featured_image_hide":"","footnotes":""},"categories":[58],"tags":[],"class_list":["post-2222170","post","type-post","status-publish","format-standard","hentry","category-lajme"],"acf":[],"_links":{"self":[{"href":"https:\/\/womensnetwork.org\/sq\/wp-json\/wp\/v2\/posts\/2222170","targetHints":{"allow":["GET"]}}],"collection":[{"href":"https:\/\/womensnetwork.org\/sq\/wp-json\/wp\/v2\/posts"}],"about":[{"href":"https:\/\/womensnetwork.org\/sq\/wp-json\/wp\/v2\/types\/post"}],"author":[{"embeddable":true,"href":"https:\/\/womensnetwork.org\/sq\/wp-json\/wp\/v2\/users\/1"}],"replies":[{"embeddable":true,"href":"https:\/\/womensnetwork.org\/sq\/wp-json\/wp\/v2\/comments?post=2222170"}],"version-history":[{"count":0,"href":"https:\/\/womensnetwork.org\/sq\/wp-json\/wp\/v2\/posts\/2222170\/revisions"}],"wp:attachment":[{"href":"https:\/\/womensnetwork.org\/sq\/wp-json\/wp\/v2\/media?parent=2222170"}],"wp:term":[{"taxonomy":"category","embeddable":true,"href":"https:\/\/womensnetwork.org\/sq\/wp-json\/wp\/v2\/categories?post=2222170"},{"taxonomy":"post_tag","embeddable":true,"href":"https:\/\/womensnetwork.org\/sq\/wp-json\/wp\/v2\/tags?post=2222170"}],"curies":[{"name":"wp","href":"https:\/\/api.w.org\/{rel}","templated":true}]}}