{"id":2222172,"date":"2014-04-08T18:34:19","date_gmt":"2014-04-08T18:34:19","guid":{"rendered":""},"modified":"-0001-11-30T00:00:00","modified_gmt":"-0001-11-30T00:00:00","slug":"fati-i-personave-te-pagjetur-ne-kosove-mbetet-ende-i-pazgjidhur","status":"publish","type":"post","link":"https:\/\/womensnetwork.org\/sq\/fati-i-personave-te-pagjetur-ne-kosove-mbetet-ende-i-pazgjidhur\/","title":{"rendered":"Fati i Personave t\u00eb Pagjetur n\u00eb Kosov\u00eb Mbetet ende i Pazgjidhur"},"content":{"rendered":"<div style=\"margin-bottom: 0.0001pt; text-align: justify;\">P&euml;rs&euml;ri k&euml;t&euml; vit n&euml; Dit&euml;n Nd&euml;rkomb&euml;tare t&euml; Gruas, me 8 mars, RrGGK doli n&euml; rrug&euml; p&euml;r t&euml; mb&euml;shtetur iniciativ&euml;n e shoqat&euml;s Thirrjet e N&euml;nave. Thirrjet e N&euml;nave dhe RrGGK kan&euml; organizuar nj&euml; protest&euml; n&euml; solidaritet me n&euml;nat, grat&euml;, motrat dhe vajzat e personave t&euml; pagjetur me moton: &ldquo;Jemi me ju.&rdquo; Af&euml;rsisht 200 njer&euml;z marshuan nga Sheshi Zahir Pajaziti drejt Kunvedit t&euml; Kosov&euml;s, duke rikujtuar fatin ende t&euml; pazgjidhur t&euml; personave t&euml; pagjetur n&euml; Kosov&euml;. <br \/>\n&nbsp; &nbsp; &nbsp;P&euml;rdersia Kosovar&euml;t festuan Dit&euml;n Nd&euml;rkomb&euml;tare t&euml; Gruas, grat&euml; ngrit&euml;n z&euml;rin dhe iu kujtuan t&euml; gjith&euml;ve se ato nuk kan&euml; an&euml;tar&euml; t&euml; familjes p&euml;r t&rsquo;ua uruar atyre k&euml;t&euml; fest&euml;; pas 15 vitesh, familjar&euml;t e tyre ende mbesin t&euml; pagjetur. Ato poashtu desh&euml;n t&euml; rivendosin fotografit&euml; e personave t&euml; pagjetur, t&euml; cilat jan&euml; hequr nga rrethojat e Kuvendit t&euml; <span style=\"letter-spacing:-.3pt\">Kosov&euml;s. &ldquo;Plot 15 vjet po na mashtrojn&euml; e neglizhojn&euml; p&euml;rderisa kriminel&euml;t po sillen t&euml; lir&euml; dhe ata pak kriminel&euml; q&euml; jan&euml; d&euml;nuar po ju ulen d&euml;nimet,&rdquo; tha Nesrete Kumnova, Udh&euml;heq&euml;se e Thirjet e N&euml;nave: &ldquo;Mungon drejt&euml;sia p&euml;r mij&euml;ra t&euml; vrar&euml;, t&euml; dhunuar dhe t&euml; zhdukur. Do kthejm&euml; fotografit&euml; aty ku ishin se &ccedil;&euml;shtja p&euml;r t&euml; pagjeturit nuk &euml;sht&euml; zgjidh&euml; akoma.&rdquo;<br \/>\n<\/span><span style=\"letter-spacing: -0.3pt;\">&nbsp; &nbsp; &nbsp;Protestuesit rivendos&euml;n fotografit&euml; e personave t&euml; pagjetur jasht&euml; Kuvendit, duke i kujtuar zyrtar&euml;ve detyrat e tyre p&euml;r t&euml; zgjidhur k&euml;t&euml; &ccedil;&euml;shtje. Mes protestuesve ishte Shpend Ahmeti, kryetar i Komun&euml;s s&euml; Prishtin&euml;s, s&euml; bashku me f&euml;mij&euml;t e tij. Dhjetra t&euml; rinj&euml; e t&euml; reja, si dhe nj&euml; delegacion i Kaukazit t&euml; Jugut u bashkangjit&euml;n n&euml; protest&euml;.<\/span>&nbsp;<\/div>\n","protected":false},"excerpt":{"rendered":"<p>P&euml;rs&euml;ri k&euml;t&euml; vit n&euml; Dit&euml;n Nd&euml;rkomb&euml;tare t&euml; Gruas, me 8 mars, RrGGK doli n&euml; rrug&euml; p&euml;r t&euml; mb&euml;shtetur iniciativ&euml;n e shoqat&euml;s Thirrjet e N&euml;nave. Thirrjet e N&euml;nave dhe RrGGK kan&euml; organizuar nj&euml; protest&euml; n&euml; solidaritet me n&euml;nat, grat&euml;, motrat dhe vajzat e personave t&euml; pagjetur me moton: &ldquo;Jemi me ju.&rdquo; Af&euml;rsisht 200 njer&euml;z marshuan nga [&hellip;]<\/p>\n","protected":false},"author":1,"featured_media":0,"comment_status":"open","ping_status":"open","sticky":false,"template":"","format":"standard","meta":{"_FSMCFIC_featured_image_caption":"","_FSMCFIC_featured_image_nocaption":"","_FSMCFIC_featured_image_hide":"","footnotes":""},"categories":[58],"tags":[],"class_list":["post-2222172","post","type-post","status-publish","format-standard","hentry","category-lajme"],"acf":[],"_links":{"self":[{"href":"https:\/\/womensnetwork.org\/sq\/wp-json\/wp\/v2\/posts\/2222172","targetHints":{"allow":["GET"]}}],"collection":[{"href":"https:\/\/womensnetwork.org\/sq\/wp-json\/wp\/v2\/posts"}],"about":[{"href":"https:\/\/womensnetwork.org\/sq\/wp-json\/wp\/v2\/types\/post"}],"author":[{"embeddable":true,"href":"https:\/\/womensnetwork.org\/sq\/wp-json\/wp\/v2\/users\/1"}],"replies":[{"embeddable":true,"href":"https:\/\/womensnetwork.org\/sq\/wp-json\/wp\/v2\/comments?post=2222172"}],"version-history":[{"count":0,"href":"https:\/\/womensnetwork.org\/sq\/wp-json\/wp\/v2\/posts\/2222172\/revisions"}],"wp:attachment":[{"href":"https:\/\/womensnetwork.org\/sq\/wp-json\/wp\/v2\/media?parent=2222172"}],"wp:term":[{"taxonomy":"category","embeddable":true,"href":"https:\/\/womensnetwork.org\/sq\/wp-json\/wp\/v2\/categories?post=2222172"},{"taxonomy":"post_tag","embeddable":true,"href":"https:\/\/womensnetwork.org\/sq\/wp-json\/wp\/v2\/tags?post=2222172"}],"curies":[{"name":"wp","href":"https:\/\/api.w.org\/{rel}","templated":true}]}}