{"id":2222182,"date":"2014-05-30T16:34:09","date_gmt":"2014-05-30T16:34:09","guid":{"rendered":""},"modified":"-0001-11-30T00:00:00","modified_gmt":"-0001-11-30T00:00:00","slug":"oda-e-grave-ndane-mirenjohje-per-grate-sipermarrese","status":"publish","type":"post","link":"https:\/\/womensnetwork.org\/sq\/oda-e-grave-ndane-mirenjohje-per-grate-sipermarrese\/","title":{"rendered":"Oda e Grave ndan\u00eb mir\u00ebnjohje p\u00ebr grat\u00eb sip\u00ebrmarr\u00ebse"},"content":{"rendered":"<p style=\"text-align: justify;\">N&euml; p&euml;rpjekje p&euml;r t&euml; promovuar dhe rritur nd&euml;rmarr&euml;sin&euml; e grave n&euml; Kosov&euml;, Ministria e Tregtis&euml; dhe Industris&euml; dhe Oda Ekonomike e Grave e Kosov&euml;s &ndash; G7, kan&euml; ndar&euml; mir&euml;njohje p&euml;r nd&euml;rmarr&euml;set m&euml; t&euml; suksesshme t&euml; Kosov&euml;s. &Ccedil;mimi i kryesor&euml;, &ccedil;mimi &ldquo;Gruaja Afariste m&euml; e Suksesshme&rdquo;, i &euml;sht&euml; dh&euml;n&euml; Fatmire Maliqit. Sevdije Hajrullahu, Zamire Hyseni-Duraku, Vjollca Birinxhiku dhe Blerina Rugova jan&euml; nderuar t&euml; q&euml; t&euml; gjitha me &ccedil;mime n&euml; fush&euml;n e prodhimit, sh&euml;rbimeve, tregtis&euml; dhe krijimtaris&euml; n&euml; biznes.<\/p>\n<div style=\"text-align: justify;\">Gjithashtu, ka qen&euml; e pranishme edhe Presidentja e Kosov&euml;s, Atifete Jahjaga, e cila e ka konfirmuar besimin e saj tek Oda Ekonomike e Grave. Ajo theksoi q&euml; &ldquo;Oda, me zyr&euml;n dhe strategjin&euml; e saj t&euml; re t&euml; sapo miratuar do t&rsquo;iu ofroj&euml; t&euml; gjitha grave dhe vajzave sh&euml;rbimet m&euml; t&euml; mira t&euml; mundshme p&euml;rmes mb&euml;shtetjes, trajnimeve, koordinimit, mentorimit t&euml; vazhduesh&euml;m, me q&euml;llim q&euml; t&euml; q&euml;ndroj&euml; pran&euml; tyre, p&euml;r t&euml; hapur biznese t&euml; reja dhe p&euml;r ta mb&euml;shtetur rritjen e k&euml;tyre t&euml; fundit. Ju nuk fuqizoni vet&euml;m individin. Ju fuqizoni familjen dhe, n&euml;p&euml;rmjet k&euml;tyre projekteve, ndikojm&euml; s&euml; bashku n&euml; fuqizimin e shoq&euml;ris&euml; son&euml;. N&euml; k&euml;t&euml; m&euml;nyr&euml; ne ndikojm&euml; n&euml; p&euml;rparimin e pand&euml;rprer&euml; dhe q&euml;ndrueshm&euml;rin&euml; ekonomike t&euml; shtetit ton&euml;.&rdquo;<\/div>\n","protected":false},"excerpt":{"rendered":"<p>N&euml; p&euml;rpjekje p&euml;r t&euml; promovuar dhe rritur nd&euml;rmarr&euml;sin&euml; e grave n&euml; Kosov&euml;, Ministria e Tregtis&euml; dhe Industris&euml; dhe Oda Ekonomike e Grave e Kosov&euml;s &ndash; G7, kan&euml; ndar&euml; mir&euml;njohje p&euml;r nd&euml;rmarr&euml;set m&euml; t&euml; suksesshme t&euml; Kosov&euml;s. &Ccedil;mimi i kryesor&euml;, &ccedil;mimi &ldquo;Gruaja Afariste m&euml; e Suksesshme&rdquo;, i &euml;sht&euml; dh&euml;n&euml; Fatmire Maliqit. Sevdije Hajrullahu, Zamire Hyseni-Duraku, Vjollca [&hellip;]<\/p>\n","protected":false},"author":1,"featured_media":0,"comment_status":"open","ping_status":"open","sticky":false,"template":"","format":"standard","meta":{"_FSMCFIC_featured_image_caption":"","_FSMCFIC_featured_image_nocaption":"","_FSMCFIC_featured_image_hide":"","footnotes":""},"categories":[58],"tags":[],"class_list":["post-2222182","post","type-post","status-publish","format-standard","hentry","category-lajme"],"acf":[],"_links":{"self":[{"href":"https:\/\/womensnetwork.org\/sq\/wp-json\/wp\/v2\/posts\/2222182","targetHints":{"allow":["GET"]}}],"collection":[{"href":"https:\/\/womensnetwork.org\/sq\/wp-json\/wp\/v2\/posts"}],"about":[{"href":"https:\/\/womensnetwork.org\/sq\/wp-json\/wp\/v2\/types\/post"}],"author":[{"embeddable":true,"href":"https:\/\/womensnetwork.org\/sq\/wp-json\/wp\/v2\/users\/1"}],"replies":[{"embeddable":true,"href":"https:\/\/womensnetwork.org\/sq\/wp-json\/wp\/v2\/comments?post=2222182"}],"version-history":[{"count":0,"href":"https:\/\/womensnetwork.org\/sq\/wp-json\/wp\/v2\/posts\/2222182\/revisions"}],"wp:attachment":[{"href":"https:\/\/womensnetwork.org\/sq\/wp-json\/wp\/v2\/media?parent=2222182"}],"wp:term":[{"taxonomy":"category","embeddable":true,"href":"https:\/\/womensnetwork.org\/sq\/wp-json\/wp\/v2\/categories?post=2222182"},{"taxonomy":"post_tag","embeddable":true,"href":"https:\/\/womensnetwork.org\/sq\/wp-json\/wp\/v2\/tags?post=2222182"}],"curies":[{"name":"wp","href":"https:\/\/api.w.org\/{rel}","templated":true}]}}