{"id":2222190,"date":"2014-06-04T10:58:38","date_gmt":"2014-06-04T10:58:38","guid":{"rendered":""},"modified":"-0001-11-30T00:00:00","modified_gmt":"-0001-11-30T00:00:00","slug":"partners-kosova-avokon-per-te-drejtat-e-grave-ne-prone","status":"publish","type":"post","link":"https:\/\/womensnetwork.org\/sq\/partners-kosova-avokon-per-te-drejtat-e-grave-ne-prone\/","title":{"rendered":"Partners Kosova avokon p\u00ebr t\u00eb drejtat e grave n\u00eb pron\u00eb"},"content":{"rendered":"<p style=\"text-align: justify;\"><a href=\"http:\/\/partnerskosova.org\/index.php?option=com_content&amp;view=article&amp;id=76&amp;Itemid=127&amp;lang=en\"><span style=\"color: rgb(102, 0, 102); background-image: initial; background-attachment: initial; background-size: initial; background-origin: initial; background-clip: initial; background-position: initial; background-repeat: initial;\">Partners Kosova<\/span><\/a><span style=\"color: rgb(51, 51, 51); background-image: initial; background-attachment: initial; background-size: initial; background-origin: initial; background-clip: initial; background-position: initial; background-repeat: initial;\"> (PK) ka ftuar jo vet&euml;m gra, por edhe burra n&euml; prezantimin e saj nj&euml;ditor me tem&euml; &ldquo;T&euml; drejtat e Grave n&euml; ndarjen e pron&euml;s dhe n&euml; trash&euml;gimi&rdquo; n&euml; komun&euml;n e Lipjanit m&euml; 28 maj. N&euml; k&euml;t&euml; prezantim ka marr&euml; pjes&euml; gjithashtu edhe Zyrtari Komunal p&euml;r Barazin&euml; Gjinore.<\/span><br \/>\n&ldquo;Nd&euml;rsa avokojm&euml; p&euml;r k&euml;t&euml; tem&euml;, do t&euml; duhet t&euml; punojm&euml; p&euml;r ta rritur vet&euml;dijesimin n&euml; mesin e t&euml; dyja gjinive dhe n&euml; mesin e njer&euml;zve t&euml; moshave dhe mjediseve t&euml; ndryshme shoq&euml;rore,&rdquo; ka th&euml;n&euml; Hilmije Ramabaja, Menaxhere e Programit p&euml;r Trajnimin, Nd&euml;rmjet&euml;se dhe Trajnuese pran&euml; PK-s&euml;. &ldquo;Vet&euml;m n&euml; k&euml;t&euml; m&euml;nyr&euml; do t&euml; jemi n&euml; gjendje t&euml; mb&euml;rrijm&euml; tek sa m&euml; shum&euml; njer&euml;z q&euml; t&euml; jet&euml; e mundur dhe ta ndryshojm&euml; mend&euml;sin&euml; patriarkale, e cila ua mohon grave k&euml;t&euml; t&euml; drejt&euml; themelore.&rdquo;<\/p>\n<div style=\"margin-bottom: 0.0001pt; text-align: justify;\">PK-ja planifikon t&euml; organizoj&euml; prezantime t&euml; ngjashme n&euml; tri komuna t&euml; tjera: Skenderaj, Drenas dhe Ferizaj. M&euml; pas, grupet do t&euml; avokojn&euml; m&euml; tej p&euml;r k&euml;t&euml; tem&euml; gjat&euml; nj&euml; mbledhje t&euml; dyt&euml; n&euml; secil&euml;n komun&euml;, ku p&euml;rfaq&euml;suesit e institucioneve dhe pal&euml;t e tjera t&euml; interesuara do ta diskutojn&euml; &ccedil;&euml;shtjen.<\/div>\n<div style=\"margin-bottom: 0.0001pt; text-align: justify;\">&ldquo;M&euml; ka p&euml;lqyer shum&euml; kjo ide dhe do t&euml; sugjeroj q&euml; diskutimi p&euml;r k&euml;t&euml; tem&euml; t&euml; zgjerohet sa m&euml; shum&euml; q&euml; t&euml; jet&euml; e mundur, me q&euml;llim q&euml; t&euml; ket&euml; harmoni midis korniz&euml;s aktuale ligjore dhe aspektit praktik,&rdquo; ka th&euml;n&euml; Gafurr Ademi, Zyrtar p&euml;r &Ccedil;&euml;shtjet Ligjore dhe Pron&euml; n&euml; zyr&euml;n e kryetarit t&euml; komun&euml;s. &ldquo;N&euml; rrethanat ku ndodhet shoq&euml;ria jon&euml;, &euml;sht&euml; shum&euml; e r&euml;nd&euml;sishme q&euml; edhe burrat t&euml; jen&euml; t&euml; pranish&euml;m kur diskutohen tema t&euml; tilla me q&euml;llim q&euml; t&euml; rritet vet&euml;dijesimi.&rdquo;<\/div>\n<div style=\"margin-bottom: 0.0001pt; text-align: justify;\">\nKjo nism&euml; &euml;sht&euml; mb&euml;shtetur nga Fondi i Grave t&euml; Kosov&euml;s (FGK) i RrGGK-s&euml;, i financuar nga Kvinna till Kvinna (KtK).<\/div>\n<div style=\"margin-bottom: 0.0001pt; text-align: justify;\">&nbsp;<\/div>\n","protected":false},"excerpt":{"rendered":"<p>Femrat dhe meshkujt diskutojn\u00c3\u00ab p\u00c3\u00abr tem\u00c3\u00abn \u00e2\u20ac\u0153T\u00c3\u00ab drejtat e grave n\u00c3\u00ab ndarjen e pasuris\u00c3\u00ab dhe t\u00c3\u00ab drejtat e trash\u00c3\u00abgimit\u00e2\u20ac\u009d n\u00c3\u00ab prezantimin e organizuar nga Partners Kosova m\u00c3\u00ab dat\u00c3\u00abn 28 maj n\u00c3\u00ab Lipjan.<\/p>\n","protected":false},"author":1,"featured_media":0,"comment_status":"open","ping_status":"open","sticky":false,"template":"","format":"standard","meta":{"_FSMCFIC_featured_image_caption":"","_FSMCFIC_featured_image_nocaption":"","_FSMCFIC_featured_image_hide":"","footnotes":""},"categories":[58],"tags":[],"class_list":["post-2222190","post","type-post","status-publish","format-standard","hentry","category-lajme"],"acf":[],"_links":{"self":[{"href":"https:\/\/womensnetwork.org\/sq\/wp-json\/wp\/v2\/posts\/2222190","targetHints":{"allow":["GET"]}}],"collection":[{"href":"https:\/\/womensnetwork.org\/sq\/wp-json\/wp\/v2\/posts"}],"about":[{"href":"https:\/\/womensnetwork.org\/sq\/wp-json\/wp\/v2\/types\/post"}],"author":[{"embeddable":true,"href":"https:\/\/womensnetwork.org\/sq\/wp-json\/wp\/v2\/users\/1"}],"replies":[{"embeddable":true,"href":"https:\/\/womensnetwork.org\/sq\/wp-json\/wp\/v2\/comments?post=2222190"}],"version-history":[{"count":0,"href":"https:\/\/womensnetwork.org\/sq\/wp-json\/wp\/v2\/posts\/2222190\/revisions"}],"wp:attachment":[{"href":"https:\/\/womensnetwork.org\/sq\/wp-json\/wp\/v2\/media?parent=2222190"}],"wp:term":[{"taxonomy":"category","embeddable":true,"href":"https:\/\/womensnetwork.org\/sq\/wp-json\/wp\/v2\/categories?post=2222190"},{"taxonomy":"post_tag","embeddable":true,"href":"https:\/\/womensnetwork.org\/sq\/wp-json\/wp\/v2\/tags?post=2222190"}],"curies":[{"name":"wp","href":"https:\/\/api.w.org\/{rel}","templated":true}]}}