{"id":2222206,"date":"2014-08-22T14:48:00","date_gmt":"2014-08-22T14:48:00","guid":{"rendered":""},"modified":"-0001-11-30T00:00:00","modified_gmt":"-0001-11-30T00:00:00","slug":"regjisoret-&ldquotregojne-rrefimet-e-tyre&rdquo-ne-dokufest","status":"publish","type":"post","link":"https:\/\/womensnetwork.org\/sq\/regjisoret-&ldquotregojne-rrefimet-e-tyre&rdquo-ne-dokufest\/","title":{"rendered":"Regjisor\u00ebt &ldquo;Tregojn\u00eb rr\u00ebfimet e tyre&rdquo; n\u00eb Dokufest"},"content":{"rendered":"<div style=\"margin-bottom: 0.0001pt;\">Gjat&euml; festivalit gjall&euml;rues dhe multi-kuluror <a href=\"http:\/\/dokufest.com\/2014\/sq\/\"><span style=\"RRGK Book&quot;;\ncolor:#660066;letter-spacing:-.2pt;\">Dokufest,<\/span><\/a> n&euml; Prizren nj&euml; nga pun&euml;torit&euml; e organizuara ishte <i>&ldquo;Stories we tell&rdquo;<\/i> (Rr&euml;fimet q&euml; tregojm&euml;). Kjo pun&euml;tori inkurajoi regjisor&euml;t e rijn&euml; t&euml; ndajn&euml; ide p&euml;r tregime dhe t&euml; m&euml;sojn&euml; se si t&euml; b&euml;jn&euml; dokumentare lidhur me t&euml; drejtat e njeriut.<\/div>\n<div style=\"margin-bottom: 0.0001pt;\">&nbsp;&nbsp;&nbsp;&nbsp; N&euml; mesin e pjes&euml;marr&euml;sve ishte dhe Koordinatorja p&euml;r Marr&euml;dh&euml;nie me Publikun nga <a href=\"http:\/\/www.womensnetwork.org\/?FaqeID=16\">RrGGK,<\/a> Donjeta Berisha. Pun&euml;torin&euml; e udh&euml;heqi regjisori dhe kinematografi, Richard Pearce, regjisori i filmave <i>&ldquo;<\/i><a href=\"http:\/\/www.imdb.com\/name\/nm0669004\/bio?ref_=nm_ov_bio_sm\"><i><span style=\"RRGK Book&quot;;\ncolor:#660066;\">Hearts and Minds<\/span><\/i><\/a><i><span style=\"RRGK Book&quot;;\ncolor:#660066;\">&rdquo;<\/span><\/i>dhe <a href=\"http:\/\/www.imdb.com\/title\/tt1065626\/\"><i>&ldquo;Road to Memphis<\/i><\/a><i>&rdquo;<\/i><i>.<\/i><span style=\"RRGK Book&quot;;\nletter-spacing:-.2pt;\"> N&euml; k&euml;t&euml; pun&euml;tori intensive tre ditore pjes&euml;marr&euml;sit u ndan&euml; n&euml; grupe, duke xhiruar n&euml; vende t&euml; ndryshme t&euml; qytetit. <\/span><\/div>\n<div style=\"margin-bottom: 0.0001pt;\">&ldquo;Ishte nj&euml; p&euml;rvoj&euml; e mrekullueshme,&rdquo; tha nj&euml; pjes&euml;marr&euml;se. &ldquo;Nganj&euml;her&euml; nuk mund ti realizonim planet si i mendonim dhe na duhej improvizim, ishte e mrekullueshme sa t&euml; dedikuar ishim t&euml; gjith&euml;.&rdquo;<\/div>\n<p>&nbsp; &nbsp; &nbsp;Pjes&euml;marr&euml;sit sh&euml;tit&euml;n qytetin, duke tentuar t&euml; gjenj&euml; vendet e nevojshme p&euml;r t&euml; p&euml;rfunduar detyrat e tyre. Pas filmimit gjat&euml; dit&euml;s, ata u kthyen p&euml;r t&euml; diskutar pun&euml;n e tyre me nj&euml;ri-tjetrin dhe Richard Pearce. Ai u mahnit nga kreativteti dhe idet&euml; e mrekullueshme t&euml; pjes&euml;marr&euml;sve. Ai premtoi q&euml; bashk&euml;punimi nuk do t&euml; ndalet edhe pas p&euml;rfundimit t&euml; Dokufestit. Do t&euml; vazhdoj edhe n&euml; t&euml; ardhmen. Gjat&euml; festivalit, pjes&euml;marr&euml;sit poashtu pat&euml;n mund&euml;sin&euml; t&euml; shohin shum&euml; filma dhe t&euml; zhvillojn&euml; idet&euml; e tyre, t&euml; cilat ata i paraqit&euml;n para juris&euml;. Juria u ofroi pjes&euml;marr&euml;sve k&euml;shilla dhe strategji p&euml;r sfidat e radh&euml;s. Pjes&euml;marr&euml;sit kan&euml; nj&euml; muaj koh&euml; p&euml;r t&euml; p&euml;rgaditur idet&euml; e tyre dhe t&rsquo;i d&euml;rgojn&euml; juris&euml;, e cila do t&euml; zgjedh&euml; tet&euml; filma q&euml; do t&euml; financohen nga dokufesti dhe do t&euml; shfaq&euml;n vitin e ardhsh&euml;m.&nbsp;<\/p>\n","protected":false},"excerpt":{"rendered":"<p>Gjat&euml; festivalit gjall&euml;rues dhe multi-kuluror Dokufest, n&euml; Prizren nj&euml; nga pun&euml;torit&euml; e organizuara ishte &ldquo;Stories we tell&rdquo; (Rr&euml;fimet q&euml; tregojm&euml;). Kjo pun&euml;tori inkurajoi regjisor&euml;t e rijn&euml; t&euml; ndajn&euml; ide p&euml;r tregime dhe t&euml; m&euml;sojn&euml; se si t&euml; b&euml;jn&euml; dokumentare lidhur me t&euml; drejtat e njeriut. &nbsp;&nbsp;&nbsp;&nbsp; N&euml; mesin e pjes&euml;marr&euml;sve ishte dhe Koordinatorja p&euml;r Marr&euml;dh&euml;nie [&hellip;]<\/p>\n","protected":false},"author":1,"featured_media":0,"comment_status":"open","ping_status":"open","sticky":false,"template":"","format":"standard","meta":{"_FSMCFIC_featured_image_caption":"","_FSMCFIC_featured_image_nocaption":"","_FSMCFIC_featured_image_hide":"","footnotes":""},"categories":[58],"tags":[],"class_list":["post-2222206","post","type-post","status-publish","format-standard","hentry","category-lajme"],"acf":[],"_links":{"self":[{"href":"https:\/\/womensnetwork.org\/sq\/wp-json\/wp\/v2\/posts\/2222206","targetHints":{"allow":["GET"]}}],"collection":[{"href":"https:\/\/womensnetwork.org\/sq\/wp-json\/wp\/v2\/posts"}],"about":[{"href":"https:\/\/womensnetwork.org\/sq\/wp-json\/wp\/v2\/types\/post"}],"author":[{"embeddable":true,"href":"https:\/\/womensnetwork.org\/sq\/wp-json\/wp\/v2\/users\/1"}],"replies":[{"embeddable":true,"href":"https:\/\/womensnetwork.org\/sq\/wp-json\/wp\/v2\/comments?post=2222206"}],"version-history":[{"count":0,"href":"https:\/\/womensnetwork.org\/sq\/wp-json\/wp\/v2\/posts\/2222206\/revisions"}],"wp:attachment":[{"href":"https:\/\/womensnetwork.org\/sq\/wp-json\/wp\/v2\/media?parent=2222206"}],"wp:term":[{"taxonomy":"category","embeddable":true,"href":"https:\/\/womensnetwork.org\/sq\/wp-json\/wp\/v2\/categories?post=2222206"},{"taxonomy":"post_tag","embeddable":true,"href":"https:\/\/womensnetwork.org\/sq\/wp-json\/wp\/v2\/tags?post=2222206"}],"curies":[{"name":"wp","href":"https:\/\/api.w.org\/{rel}","templated":true}]}}