{"id":2222305,"date":"2015-03-11T18:14:08","date_gmt":"2015-03-11T18:14:08","guid":{"rendered":""},"modified":"-0001-11-30T00:00:00","modified_gmt":"-0001-11-30T00:00:00","slug":"rogova-i-drejtohet-parlamentit-te-be-se-per-grate-ne-vendim-marrje-dhe-liberalizimin-e-vizave","status":"publish","type":"post","link":"https:\/\/womensnetwork.org\/sq\/rogova-i-drejtohet-parlamentit-te-be-se-per-grate-ne-vendim-marrje-dhe-liberalizimin-e-vizave\/","title":{"rendered":"Rogova i drejtohet Parlamentit t\u00eb BE-s\u00eb p\u00ebr grat\u00eb n\u00eb vendim-marrje dhe liberalizimin e vizave"},"content":{"rendered":"<div style=\"text-align: justify; background-image: initial; background-attachment: initial; background-size: initial; background-origin: initial; background-clip: initial; background-position: initial; background-repeat: initial;\">\n<div style=\"background-image: initial; background-attachment: initial; background-size: initial; background-origin: initial; background-clip: initial; background-position: initial; background-repeat: initial;\">Igballe Rogova, Drejtore Ekzekutive e Rrjetit t&euml; Grupeve t&euml; Grave t&euml; Kosov&euml;s (RrGGK) n&euml; konferenc&euml;n nd&euml;r-parlamentare mbi &quot;Pjes&euml;marrjen Politike t&euml; Grave n&euml; Ballkanin Per&euml;ndimor dhe Turqi&quot;, t&euml; organizuar n&euml; Parlamentin Evropian n&euml; Bruksel m&euml; 4 mars ishte nd&euml;r fol&euml;set kryesore n&euml; em&euml;r t&euml; RrGGK-s&euml;. Gjat&euml; seanc&euml;s mbi &quot;P&euml;rmir&euml;simin e numrit t&euml; grave n&euml; vendim-marrje n&euml; vendet e zgjerimit: Praktikat m&euml; t&euml; mira nga rajoni&quot;, Rogova dha nj&euml; pasqyr&euml; t&euml; historis&euml; s&euml; pjes&euml;marrjes s&euml; grave n&euml; Kosov&euml;, duke v&euml;n&euml; n&euml; dukje pjes&euml;marrjen m&euml; t&euml; barabart&euml; t&euml; grave dhe burrave n&euml; vendim-marrje gjat&euml; viteve 1990.<\/div>\n<div style=\"background-image: initial; background-attachment: initial; background-size: initial; background-origin: initial; background-clip: initial; background-position: initial; background-repeat: initial;\">&ldquo;Grat&euml; kan&euml; b&euml;r&euml; gj&euml;ra t&euml; cilat burrat nuk kan&euml; guxuar t&rsquo;i b&euml;jn&euml; n&euml; at&euml; koh&euml;,&rdquo; tha ajo. &ldquo;Grat&euml; ishin t&euml; guximshme&rdquo;.<\/div>\n<div style=\"background-image: initial; background-attachment: initial; background-size: initial; background-origin: initial; background-clip: initial; background-position: initial; background-repeat: initial;\">&nbsp;&nbsp;&nbsp; Megjithat&euml;, pas luft&euml;s, grat&euml; ishin t&euml; detyruara t&euml; fillojn&euml; p&euml;rpjekjet p&euml;r pjes&euml;marrje t&euml; barabart&euml; n&euml; politik&euml;, kryesisht p&euml;r shkak t&euml; Misionit t&euml; Kombeve t&euml; Bashkuara n&euml; Kosov&euml; (UNMIK), q&euml; promovonte udh&euml;heq&euml;s burra n&euml;n pretekstin e rrrem&euml; se Kosova ishte nj&euml; shtet patriarkal q&euml; i mungonin grat&euml; udh&euml;heq&euml;se.<\/div>\n<div style=\"text-indent: 14.2pt; background-image: initial; background-attachment: initial; background-size: initial; background-origin: initial; background-clip: initial; background-position: initial; background-repeat: initial;\">Mes k&euml;tyre sfidave, n&euml; 15 vitet e fundit aktivistet p&euml;r t&euml; drejtat e grave n&euml; Kosov&euml; nuk u dor&euml;zuan. Ato shtyn&euml; p&euml;rpara kuot&euml;n p&euml;r pjes&euml;marrjen e grave n&euml; kuad&euml;r t&euml; ligjeve p&euml;r zgjedhje.<\/div>\n<div style=\"text-indent: 14.2pt; background-image: initial; background-attachment: initial; background-size: initial; background-origin: initial; background-clip: initial; background-position: initial; background-repeat: initial;\">Gjithashtu, ato mb&euml;shtet&euml;n krijimin e Ligjit p&euml;r Barazi Gjinore, dhe avokuan q&euml; Agjencia p&euml;r Barazi Gjinore (ABGJ), t&euml; vendoset n&euml; nivelin m&euml; t&euml; lart&euml; t&euml; vendim-marrjes, tek Zyra e Kryeministrit t&euml; Republik&euml;s s&euml; Kosov&euml;s, n&euml; m&euml;nyr&euml; q&euml; ABGJ t&euml; mund t&euml; integroj barazin&euml; gjinore n&euml; t&euml; gjitha institucionet n&euml; Kosov&euml; dhe t&euml; b&euml;j&euml; rishikimin e ligjeve dhe politikave n&euml; nivel qendror p&euml;r t&euml; siguruar perspektiv&euml;n gjinore.<\/div>\n<div style=\"text-indent: 14.2pt; background-image: initial; background-attachment: initial; background-size: initial; background-origin: initial; background-clip: initial; background-position: initial; background-repeat: initial;\">Aktivistet kan&euml; bashk&euml;punuar me grat&euml; parlamentare, kryesisht p&euml;rmes Grupit t&euml; Grave, p&euml;r t&euml; avokuar p&euml;r &ccedil;&euml;shtjet me interes t&euml; p&euml;rbashk&euml;t. Tani RrGGK ka zhvendosur fokusin, duke bashk&euml;punuar m&euml; shum&euml; me asambleistet komunale, zyr&euml;tar&euml;t p&euml;r barazi gjinore, grat&euml; n&euml; shoq&euml;rin&euml; civile dhe burrat p&euml;rkrah&euml;s n&euml; nivel komunal p&euml;rmes Lobit p&euml;r Barazi Gjinore. Lobi vazhdon t&euml; avokoj&euml; p&euml;r barazi gjinore n&euml; nivel lokal, p&euml;r t&euml; ndar&euml; p&euml;rvojat dhe p&euml;r t&euml; bashk&euml;punuar n&euml; fushatat komb&euml;tare.<\/div>\n<div style=\"text-indent: 14.2pt; background-image: initial; background-attachment: initial; background-size: initial; background-origin: initial; background-clip: initial; background-position: initial; background-repeat: initial;\">&ldquo;Ne nuk mund t&euml; mendojm&euml; vet&euml;m p&euml;r Prishtin&euml;n,&rdquo; tha Rogova, por duhet t&euml; mendojm&euml; p&euml;r t&euml; gjith&euml; Kosov&euml;n.&rdquo;<\/div>\n<div style=\"text-indent: 14.2pt; background-image: initial; background-attachment: initial; background-size: initial; background-origin: initial; background-clip: initial; background-position: initial; background-repeat: initial;\">Rogova foli poashtu p&euml;r pun&euml;n e Bashkimit Evropian n&euml; Kosov&euml;.<\/div>\n<div style=\"text-indent: 14.2pt; background-image: initial; background-attachment: initial; background-size: initial; background-origin: initial; background-clip: initial; background-position: initial; background-repeat: initial;\">&ldquo;BE-ja po inkurajon dhe po financon bashk&euml;punimet rajonale, por n&euml; t&euml; njejt&euml;n koh&euml; e ka burgosur Kosov&euml;n sepse liberalizimi i vizave i &euml;sht&euml; b&euml;r&euml; t&euml; gjitha vendeve p&euml;rve&ccedil; Kosov&euml;s,&quot; tha ajo. &ldquo;Mungesa e liberalizimit t&euml; vizave prek t&euml; gjith&euml;, duke p&euml;rfshir&euml; aktivistet p&euml;r t&euml; drejtat e grave t&euml; cilat kan&euml; nevoj&euml; p&euml;r t&euml; udh&euml;tuar, por e kan&euml; lirin&euml; e l&euml;vizjes t&euml; kufizuar.&quot; Ajo i b&euml;ri thirrje BE-s&euml; t&euml; rishqyrtoj&euml; pozicionin e saj diskriminuese p&euml;r liberalizimin e vizave p&euml;r Kosov&euml;n q&euml; po i b&euml;n qytetar<span style=\"text-indent: 18.9333324432373px;\">&euml;t e Kosov&euml;s q&euml; ende t&euml; ndihen t&euml; mbyllur dhe t&euml; izoluar.<\/span><span style=\"text-indent: 18.9333324432373px;\">&nbsp;<\/span><\/div>\n<div style=\"text-indent: 14.2pt; background-image: initial; background-attachment: initial; background-size: initial; background-origin: initial; background-clip: initial; background-position: initial; background-repeat: initial;\">Delegacione t&euml; tjera nga vende t&euml; para-pranimit (n&euml; BE) gjithashtu mor&euml;n pjes&euml; n&euml; konferenc&euml;, duke p&euml;rfshir&euml; Bosnje dhe Hercegovin&euml;, Malin e Zi, Maqedonin&euml;, Shqip&euml;rin&euml;, Serbin&euml; dhe Turqin&euml;. P&euml;rve&ccedil; Rogov&euml;s morr&euml;n pjes&euml; edhe pjes&euml;tar&euml; t&euml; tjer&euml; t&euml; delegacionit nga Kosova p&euml;rfshir&euml; kat&euml;r gra parlamentare, an&euml;tar&euml; t&euml; Komisionit Evropian, p&euml;rfaqesues t&euml; Institutit Evropian p&euml;r Barazi Gjinore, ambasadave, dhe organizatave joqeveritare.<\/div>\n<div style=\"text-indent: 14.2pt; background-image: initial; background-attachment: initial; background-size: initial; background-origin: initial; background-clip: initial; background-position: initial; background-repeat: initial;\">Kjo konferenc&euml; u p&euml;rcjell me nj&euml; dark&euml; t&euml; organizuar nga N&euml;nkryetarja e Parlamentit Evropian, Ulrike Lunacek.&nbsp;<\/div>\n<\/div>\n<div style=\"text-align: justify; text-indent: 14.2pt; background-image: initial; background-attachment: initial; background-size: initial; background-origin: initial; background-clip: initial; background-position: initial; background-repeat: initial;\">&nbsp;<\/div>\n","protected":false},"excerpt":{"rendered":"<p>Igballe Rogova, Drejtore Ekzekutive e Rrjetit t&euml; Grupeve t&euml; Grave t&euml; Kosov&euml;s (RrGGK) n&euml; konferenc&euml;n nd&euml;r-parlamentare mbi &quot;Pjes&euml;marrjen Politike t&euml; Grave n&euml; Ballkanin Per&euml;ndimor dhe Turqi&quot;, t&euml; organizuar n&euml; Parlamentin Evropian n&euml; Bruksel m&euml; 4 mars ishte nd&euml;r fol&euml;set kryesore n&euml; em&euml;r t&euml; RrGGK-s&euml;. Gjat&euml; seanc&euml;s mbi &quot;P&euml;rmir&euml;simin e numrit t&euml; grave n&euml; vendim-marrje n&euml; [&hellip;]<\/p>\n","protected":false},"author":1,"featured_media":0,"comment_status":"open","ping_status":"open","sticky":false,"template":"","format":"standard","meta":{"_FSMCFIC_featured_image_caption":"","_FSMCFIC_featured_image_nocaption":"","_FSMCFIC_featured_image_hide":"","footnotes":""},"categories":[58],"tags":[],"class_list":["post-2222305","post","type-post","status-publish","format-standard","hentry","category-lajme"],"acf":[],"_links":{"self":[{"href":"https:\/\/womensnetwork.org\/sq\/wp-json\/wp\/v2\/posts\/2222305","targetHints":{"allow":["GET"]}}],"collection":[{"href":"https:\/\/womensnetwork.org\/sq\/wp-json\/wp\/v2\/posts"}],"about":[{"href":"https:\/\/womensnetwork.org\/sq\/wp-json\/wp\/v2\/types\/post"}],"author":[{"embeddable":true,"href":"https:\/\/womensnetwork.org\/sq\/wp-json\/wp\/v2\/users\/1"}],"replies":[{"embeddable":true,"href":"https:\/\/womensnetwork.org\/sq\/wp-json\/wp\/v2\/comments?post=2222305"}],"version-history":[{"count":0,"href":"https:\/\/womensnetwork.org\/sq\/wp-json\/wp\/v2\/posts\/2222305\/revisions"}],"wp:attachment":[{"href":"https:\/\/womensnetwork.org\/sq\/wp-json\/wp\/v2\/media?parent=2222305"}],"wp:term":[{"taxonomy":"category","embeddable":true,"href":"https:\/\/womensnetwork.org\/sq\/wp-json\/wp\/v2\/categories?post=2222305"},{"taxonomy":"post_tag","embeddable":true,"href":"https:\/\/womensnetwork.org\/sq\/wp-json\/wp\/v2\/tags?post=2222305"}],"curies":[{"name":"wp","href":"https:\/\/api.w.org\/{rel}","templated":true}]}}