{"id":222239,"date":"2013-01-21T22:17:49","date_gmt":"2013-01-21T22:17:49","guid":{"rendered":""},"modified":"2018-11-16T09:08:41","modified_gmt":"2018-11-16T09:08:41","slug":"qendra-kosovare-per-luftimin-e-kancerit-te-gjirit-jetavita-rrggk-luftojne-kancerine-gjirit","status":"publish","type":"post","link":"https:\/\/womensnetwork.org\/sq\/qendra-kosovare-per-luftimin-e-kancerit-te-gjirit-jetavita-rrggk-luftojne-kancerine-gjirit\/","title":{"rendered":"Qendra Kosovare p\u00ebr Luftimin e Kancerit t\u00eb Gjirit Jeta\/Vita, RrGGK luftojn\u00eb kancerine gjirit"},"content":{"rendered":"<p>Qendra Kosovare p\u00ebr Luftimin e Kancerit t\u00eb Gjirit JETA\/VITA (QKLKGJ) me p\u00ebrkrahje nga RrGGK, organizoi nj\u00eb fushat\u00eb gjat\u00eb muajit mars q\u00eb kishte p\u00ebr cak ngritjen e vet\u00ebdijes mes grave dhe shoq\u00ebris\u00eb n\u00eb p\u00ebrgjith\u00ebsi sa i p\u00ebrket nj\u00eb problemi madhor sh\u00ebndet\u00ebsor, si\u00e7 \u00ebsht\u00eb kanceri i gjirit.<\/p>\n<p>P\u00ebr fat t\u00eb keq, n\u00eb Kosov\u00eb nuk ekzistojn\u00eb t\u00eb dh\u00ebna lidhur me k\u00ebt\u00eb s\u00ebmundje, por informatat nga vendet tjera t\u00eb rajonit sugjerojn\u00eb se nj\u00eb n\u00eb n\u00ebnt\u00eb apo dhjet\u00eb gra vuan nga kanceri i gjirit. Kanceri paraqet shkaktarin m\u00eb t\u00eb shpesht\u00eb t\u00eb mortalitetit tek grat\u00eb.<\/p>\n<p>P\u00ebrderisa n\u00eb Kosov\u00eb \u00ebsht\u00eb ngritur niveli i paraqitjes s\u00eb kancerit t\u00eb gjirit, kushtet p\u00ebr parandalim, zbulim t\u00eb hersh\u00ebm dhe trajtim jan\u00eb tejet t\u00eb limituara. Kosov\u00ebs i mungojn\u00eb kushtet elementare p\u00ebr luftimin e kancerit t\u00eb gjirit: Instituti Onkologjik me personel t\u00eb kualifikuar mjek\u00ebsor dhe pajisje t\u00eb domosdoshme p\u00ebr pun\u00eb; organizimin institucional dhe social p\u00ebr ofrimin e trajtimit t\u00eb vazhduesh\u00ebm institucional; dhe p\u00ebrkrahja p\u00ebr k\u00ebto institucione dhe programe.<\/p>\n<p>QKLKGj dhe RrGGK shkruan nj\u00eb let\u00ebr p\u00ebr Kryeministrin dhe Ministrin e Sh\u00ebndet\u00ebsis\u00eb dhe k\u00ebrkuan takim me ta, p\u00ebr t\u00eb k\u00ebrkuar hartimin e nj\u00eb Strategjie Komb\u00ebtare p\u00ebr Luftimin e Kancerit t\u00eb Gjirit; finalizimin e nd\u00ebrtimit t\u00eb Institutit Onkologjik dhe funksionalizimin e tij; dhe angazhime m\u00eb serioze t\u00eb politik\u00ebb\u00ebr\u00ebsve dhe qeveris\u00eb, n\u00eb ve\u00e7anti sa i p\u00ebrket konsiderimit t\u00eb kancerit si k\u00ebrc\u00ebnim me t\u00eb cilin p\u00ebrballen shum\u00eb gra.<\/p>\n<p>M\u00eb 8 mars, RrGGK dhe QKLKGj organizuan n\u00ebnshkrimin e nj\u00eb peticioni, duke inkurajuar qytetar\u00ebt q\u00eb t\u00eb n\u00ebnshkruajn\u00eb nj\u00eb peticion q\u00eb th\u00ebrret p\u00ebr implementimin e k\u00ebtyre k\u00ebrkesave. P\u00ebrve\u00e7 k\u00ebsaj, p\u00ebrfaq\u00ebsues t\u00eb RrGGK dhe QKLKGj u paraqit\u00ebn n\u00eb debate televizive dhe tryeza t\u00eb rrumbullak\u00ebta lidhur me k\u00ebt\u00eb tem\u00eb. RrGGK gjithashtu avokoi p\u00ebr publikimin e deklaratave t\u00eb sh\u00ebrbimeve publike n\u00eb stacionet televizive komb\u00ebtare. Shtypshkronja KOHA, Kryqi i Kuq i Kosov\u00ebs, dhe t\u00eb gjitha mediat p\u00ebrkrah\u00ebn k\u00ebt\u00eb fushat\u00eb.<\/p>\n","protected":false},"excerpt":{"rendered":"<p>Qendra Kosovare p\u00ebr Luftimin e Kancerit t\u00eb Gjirit JETA\/VITA (QKLKGJ) me p\u00ebrkrahje nga RrGGK, organizoi nj\u00eb fushat\u00eb gjat\u00eb muajit mars q\u00eb kishte p\u00ebr cak ngritjen e vet\u00ebdijes mes grave dhe shoq\u00ebris\u00eb n\u00eb p\u00ebrgjith\u00ebsi sa i p\u00ebrket nj\u00eb problemi madhor sh\u00ebndet\u00ebsor, si\u00e7 \u00ebsht\u00eb kanceri i gjirit. P\u00ebr fat t\u00eb keq, n\u00eb Kosov\u00eb nuk ekzistojn\u00eb t\u00eb dh\u00ebna [&hellip;]<\/p>\n","protected":false},"author":1,"featured_media":0,"comment_status":"open","ping_status":"open","sticky":false,"template":"","format":"standard","meta":{"_FSMCFIC_featured_image_caption":"","_FSMCFIC_featured_image_nocaption":"","_FSMCFIC_featured_image_hide":"","footnotes":""},"categories":[58,84,102],"tags":[],"class_list":["post-222239","post","type-post","status-publish","format-standard","hentry","category-lajme","category-programet","category-shendeti-i-grave-dhe-vajzave"],"acf":[],"_links":{"self":[{"href":"https:\/\/womensnetwork.org\/sq\/wp-json\/wp\/v2\/posts\/222239","targetHints":{"allow":["GET"]}}],"collection":[{"href":"https:\/\/womensnetwork.org\/sq\/wp-json\/wp\/v2\/posts"}],"about":[{"href":"https:\/\/womensnetwork.org\/sq\/wp-json\/wp\/v2\/types\/post"}],"author":[{"embeddable":true,"href":"https:\/\/womensnetwork.org\/sq\/wp-json\/wp\/v2\/users\/1"}],"replies":[{"embeddable":true,"href":"https:\/\/womensnetwork.org\/sq\/wp-json\/wp\/v2\/comments?post=222239"}],"version-history":[{"count":1,"href":"https:\/\/womensnetwork.org\/sq\/wp-json\/wp\/v2\/posts\/222239\/revisions"}],"predecessor-version":[{"id":3337901,"href":"https:\/\/womensnetwork.org\/sq\/wp-json\/wp\/v2\/posts\/222239\/revisions\/3337901"}],"wp:attachment":[{"href":"https:\/\/womensnetwork.org\/sq\/wp-json\/wp\/v2\/media?parent=222239"}],"wp:term":[{"taxonomy":"category","embeddable":true,"href":"https:\/\/womensnetwork.org\/sq\/wp-json\/wp\/v2\/categories?post=222239"},{"taxonomy":"post_tag","embeddable":true,"href":"https:\/\/womensnetwork.org\/sq\/wp-json\/wp\/v2\/tags?post=222239"}],"curies":[{"name":"wp","href":"https:\/\/api.w.org\/{rel}","templated":true}]}}