{"id":222243,"date":"2013-01-21T22:31:49","date_gmt":"2013-01-21T22:31:49","guid":{"rendered":""},"modified":"2018-11-16T09:35:19","modified_gmt":"2018-11-16T09:35:19","slug":"strehimoret-u-takuan-me-ministrin-e-punes-dhe-mireqenies-sociale","status":"publish","type":"post","link":"https:\/\/womensnetwork.org\/sq\/strehimoret-u-takuan-me-ministrin-e-punes-dhe-mireqenies-sociale\/","title":{"rendered":"Strehimoret u Takuan me Ministrin e Pun\u00ebs dhe Mir\u00ebqenies Sociale"},"content":{"rendered":"<p>M\u00eb 15 korrik, an\u00ebtaret e RRGGK u takuan me Ministrin e Pun\u00ebs dhe Mir\u00ebqenies Sociale, Z. Selmanaj, p\u00ebr t\u2019ia ngritur \u00e7\u00ebshtjen e munges\u00ebs s\u00eb legjislacionit p\u00ebrkat\u00ebs q\u00eb adreson dhun\u00ebn gjinore.<\/p>\n<p>An\u00ebtaret e RRGGK gjithashtu cek\u00ebn se ligji mbi sh\u00ebrbimet sociale nuk zbatohet n\u00eb t\u00ebr\u00ebsi, dhe se strehimoret nuk jan\u00eb p\u00ebrfshir\u00eb n\u00eb buxhetin e konsoliduar t\u00eb Kosov\u00ebs. Ato gjithashtu informuan ministrin se Departamenti i Drejt\u00ebsis\u00eb i UNMIK-ut \u00ebsht\u00eb i obliguar me ligj q\u00eb t\u00eb ndihmoj\u00eb dhe p\u00ebrkrah rastet q\u00eb arrijn\u00eb n\u00eb strehimore, q\u00eb rrjedhimisht do t\u00eb thot\u00eb se Institucionet e P\u00ebrkohshme t\u00eb Vet\u00ebqeverisjes dhe UNMIK-u jan\u00eb duke i shfryt\u00ebzuar sh\u00ebrbimet e strehimoreve pa i ndihmuar ata financiarisht.<\/p>\n<p>Ministri Selmanaj tha se institucionet jan\u00eb t\u00eb gatshme p\u00ebr t\u2019i ndihmuar ato, por \u00e7\u00ebshtja k\u00ebrkon p\u00ebrkushtim nga t\u00eb dyja pal\u00ebt. Ai propozoi dhe pranoi t\u00eb aranzhoj\u00eb nj\u00eb takim me grupin parlamentar p\u00ebr Sh\u00ebndet\u00ebsi dhe Mir\u00ebqenie Sociale, p\u00ebr t\u2019ia adresuar k\u00ebt\u00eb problem trupit m\u00eb t\u00eb lart\u00eb ligjv\u00ebn\u00ebs.<\/p>\n","protected":false},"excerpt":{"rendered":"<p>M\u00eb 15 korrik, an\u00ebtaret e RRGGK u takuan me Ministrin e Pun\u00ebs dhe Mir\u00ebqenies Sociale, Z. Selmanaj, p\u00ebr t\u2019ia ngritur \u00e7\u00ebshtjen e munges\u00ebs s\u00eb legjislacionit p\u00ebrkat\u00ebs q\u00eb adreson dhun\u00ebn gjinore. An\u00ebtaret e RRGGK gjithashtu cek\u00ebn se ligji mbi sh\u00ebrbimet sociale nuk zbatohet n\u00eb t\u00ebr\u00ebsi, dhe se strehimoret nuk jan\u00eb p\u00ebrfshir\u00eb n\u00eb buxhetin e konsoliduar t\u00eb [&hellip;]<\/p>\n","protected":false},"author":1,"featured_media":0,"comment_status":"open","ping_status":"open","sticky":false,"template":"","format":"standard","meta":{"_FSMCFIC_featured_image_caption":"","_FSMCFIC_featured_image_nocaption":"","_FSMCFIC_featured_image_hide":"","footnotes":""},"categories":[90,58,84],"tags":[],"class_list":["post-222243","post","type-post","status-publish","format-standard","hentry","category-dhuna-ne-baza-gjinore","category-lajme","category-programet"],"acf":[],"_links":{"self":[{"href":"https:\/\/womensnetwork.org\/sq\/wp-json\/wp\/v2\/posts\/222243","targetHints":{"allow":["GET"]}}],"collection":[{"href":"https:\/\/womensnetwork.org\/sq\/wp-json\/wp\/v2\/posts"}],"about":[{"href":"https:\/\/womensnetwork.org\/sq\/wp-json\/wp\/v2\/types\/post"}],"author":[{"embeddable":true,"href":"https:\/\/womensnetwork.org\/sq\/wp-json\/wp\/v2\/users\/1"}],"replies":[{"embeddable":true,"href":"https:\/\/womensnetwork.org\/sq\/wp-json\/wp\/v2\/comments?post=222243"}],"version-history":[{"count":1,"href":"https:\/\/womensnetwork.org\/sq\/wp-json\/wp\/v2\/posts\/222243\/revisions"}],"predecessor-version":[{"id":3337943,"href":"https:\/\/womensnetwork.org\/sq\/wp-json\/wp\/v2\/posts\/222243\/revisions\/3337943"}],"wp:attachment":[{"href":"https:\/\/womensnetwork.org\/sq\/wp-json\/wp\/v2\/media?parent=222243"}],"wp:term":[{"taxonomy":"category","embeddable":true,"href":"https:\/\/womensnetwork.org\/sq\/wp-json\/wp\/v2\/categories?post=222243"},{"taxonomy":"post_tag","embeddable":true,"href":"https:\/\/womensnetwork.org\/sq\/wp-json\/wp\/v2\/tags?post=222243"}],"curies":[{"name":"wp","href":"https:\/\/api.w.org\/{rel}","templated":true}]}}