{"id":222278,"date":"2013-06-05T16:33:13","date_gmt":"2013-06-05T16:33:13","guid":{"rendered":""},"modified":"-0001-11-30T00:00:00","modified_gmt":"-0001-11-30T00:00:00","slug":"fondacioni-&ldquocifti-bucinca&rdquo-njeh-kontributin-jetesor-te-ciftit-per-arsimimin-e-vajzave","status":"publish","type":"post","link":"https:\/\/womensnetwork.org\/sq\/fondacioni-&ldquocifti-bucinca&rdquo-njeh-kontributin-jetesor-te-ciftit-per-arsimimin-e-vajzave\/","title":{"rendered":"Fondacioni &ldquo;\u00c7ifti Bu\u00e7inca&rdquo; Njeh Kontributin Jet\u00ebsor t\u00eb \u00c7iftit p\u00ebr Arsimimin e Vajzave"},"content":{"rendered":"<p style=\"text-align: justify;\">M&euml; 23 Maj, nj&euml; Gala Mbr&euml;mje sh&euml;noi krijimin e Fondacionit p&euml;r Arsimimin e Vajzave &ldquo;&Ccedil;ifti Bu&ccedil;inca&rdquo;. P&euml;r m&euml; shum&euml; se 60 vjet, Naxhie dhe Fahri Bu&ccedil;inca kan&euml; punuar n&euml; arsimimin formal dhe joformal me vajzat. Tani n&euml; mosh&euml;n e tyre 80 vje&ccedil;are, Fondacioni &ldquo;&Ccedil;ifti Bu&ccedil;inca&rdquo; &euml;sht&euml; krijuar p&euml;r t&euml; njohur kontributin e &Ccedil;iftit Bu&ccedil;inca dhe p&euml;r t&euml; vazhduar iniciativ&euml;n e tyre  p&euml;r t&rsquo;iu mund&euml;suar vajzave qasjen n&euml; edukim n&euml; vitet e ardhshme. <\/p>\n<p>N&euml; k&euml;t&euml; mbr&euml;mje Gala u mblodh&euml;n nj&euml; shum&euml; fillestare prej &euro;23,969 p&euml;r Fondacionin &ldquo;&Ccedil;ifti Bu&ccedil;inca&rdquo;, kryesisht prej bizneseve lokale, organizatave dhe individ&euml;ve. Drejtoresha Ekzekutive e RrGGK-s&euml; Igballe Rogova kontribuoi n&euml; komitetin organizativ. <br \/>\nGjat&euml; mbr&euml;mjes, Presidentja e Republik&euml;s s&euml; Kosov&euml;s Atifete Jahjaga ndau p&euml;r &ccedil;iftin Bu&ccedil;inca Medaljen Presidenciale t&euml; Meritave p&euml;r pun&euml;n e tyre.      <br \/>\n&nbsp;&nbsp;&nbsp;&nbsp;&nbsp;     <br \/>\n&Ccedil;ifti Bu&ccedil;inca kan&euml; kontribuar p&euml;r ndryshime sociale n&euml; Ulqin t&euml; Malit t&euml; Zi dhe n&euml;p&euml;r Kosov&euml;, ve&ccedil;an&euml;risht n&euml; Komun&euml;n e Vushtrris&euml; ku ata fokusuan pun&euml;n e tyre. Naxhie Alibegaj Bu&ccedil;inca punoi sht&euml;pi p&euml;r sht&euml;pi n&euml; fshatrat e Kraj&euml;s n&euml; Komun&euml;n e Ulqinit p&euml;r pes&euml; vite dhe n&euml; Komun&euml;n e Vushtrris&euml; p&euml;r m&euml; shum&euml; se 60 vite. Fahri Bu&ccedil;inca filloi t&euml; punonte si m&euml;sues n&euml; mosh&euml;n 15 vje&ccedil;are, duke krijuar shkoll&euml;n e par&euml; fillore n&euml; vitin 1954. Nga viti 1981 deri m&euml; 1989, kur shkollat e kontrolluara nga serb&euml;t mbyllen dyert e tyre p&euml;r nx&euml;n&euml;sit shqiptar&euml;, ai nd&euml;rtoi shkolla t&euml; reja n&euml; fshatrat e Vushtrris&euml;, Skenderajit dhe Lipjanit. Ata poashtu punuan p&euml;r t&euml; mbajtur gjall&euml; kultur&euml;n shqiptare gjat&euml; dekad&euml;s s&euml; pushtimit t&euml; viteve t&euml; n&euml;nt&euml;dhjeta p&euml;rmes Grupit t&euml; tyre t&euml; Veteran&euml;ve t&euml; Arsimit. P&euml;rpjekjet e tyre p&euml;r mbledhjen e fondeve kan&euml; siguruar fonde nga individ&euml;, donator&euml; dhe biznese t&euml; cilat mund&euml;suan q&euml; mij&euml;ra vajza t&euml; vazhdojn&euml; shkollimin e tyre n&euml; nivele m&euml; t&euml; larta. <br \/>\n&nbsp;&nbsp;&nbsp;&nbsp;&nbsp;<br \/>\n&ldquo;E kam ditur q&euml; &ccedil;ifti Bu&ccedil;inca kan&euml; b&euml;r&euml; pun&euml; t&euml; jasht&euml;zakonshme p&euml;r shkollimin e vajzave gjat&euml; jet&euml;s s&euml; tyre, por vet&euml;m sot e d&euml;gjova historin&euml; e v&euml;rtet&euml; dhe isha e mahnitur nga arritjet e tyre,&rdquo; tha Emine Berisha q&euml; mori pjes&euml; n&euml; Gala Mbr&euml;mje. <\/p>\n<p>RrGGK poashtu nderoi kontributin e &ccedil;iftit Bu&ccedil;inca me nj&euml; &Ccedil;ertifikat&euml; Mir&euml;njohjeje, duke shprehur admirim p&euml;r kontributin e tyre. RrGGK ofroi nj&euml; donacion n&euml; shum&euml; prej &euro;1,000 p&euml;r Fondacionin &ldquo;&Ccedil;ifti Bu&ccedil;inca&rdquo;.<br \/>\n&nbsp;<\/p>\n","protected":false},"excerpt":{"rendered":"<p>Kontributi jet\u00c3\u00absor i \u00c3\u00a7iftit Bu\u00c3\u00a7inca p\u00c3\u00abr mb\u00c3\u00abshtetjen e qasjes s\u00c3\u00ab vajzave n\u00c3\u00ab arsimim u njoh nga Presidentja e Kosov\u00c3\u00abs Atifete Jahjaga dhe p\u00c3\u00abrmes Fondacionit t\u00c3\u00ab ri p\u00c3\u00abr Arsimim e Vajzave \u00e2\u20ac\u0153\u00c3\u2021ifti Bu\u00c3\u00a7inca.\u00e2\u20ac\u009d <\/p>\n","protected":false},"author":1,"featured_media":0,"comment_status":"open","ping_status":"open","sticky":false,"template":"","format":"standard","meta":{"_FSMCFIC_featured_image_caption":"","_FSMCFIC_featured_image_nocaption":"","_FSMCFIC_featured_image_hide":"","footnotes":""},"categories":[58],"tags":[],"class_list":["post-222278","post","type-post","status-publish","format-standard","hentry","category-lajme"],"acf":[],"_links":{"self":[{"href":"https:\/\/womensnetwork.org\/sq\/wp-json\/wp\/v2\/posts\/222278","targetHints":{"allow":["GET"]}}],"collection":[{"href":"https:\/\/womensnetwork.org\/sq\/wp-json\/wp\/v2\/posts"}],"about":[{"href":"https:\/\/womensnetwork.org\/sq\/wp-json\/wp\/v2\/types\/post"}],"author":[{"embeddable":true,"href":"https:\/\/womensnetwork.org\/sq\/wp-json\/wp\/v2\/users\/1"}],"replies":[{"embeddable":true,"href":"https:\/\/womensnetwork.org\/sq\/wp-json\/wp\/v2\/comments?post=222278"}],"version-history":[{"count":0,"href":"https:\/\/womensnetwork.org\/sq\/wp-json\/wp\/v2\/posts\/222278\/revisions"}],"wp:attachment":[{"href":"https:\/\/womensnetwork.org\/sq\/wp-json\/wp\/v2\/media?parent=222278"}],"wp:term":[{"taxonomy":"category","embeddable":true,"href":"https:\/\/womensnetwork.org\/sq\/wp-json\/wp\/v2\/categories?post=222278"},{"taxonomy":"post_tag","embeddable":true,"href":"https:\/\/womensnetwork.org\/sq\/wp-json\/wp\/v2\/tags?post=222278"}],"curies":[{"name":"wp","href":"https:\/\/api.w.org\/{rel}","templated":true}]}}