{"id":3336028,"date":"2013-11-13T11:49:11","date_gmt":"2013-11-13T11:49:11","guid":{"rendered":"https:\/\/womensnetwork.org\/?p=3336028"},"modified":"2018-10-31T11:50:06","modified_gmt":"2018-10-31T11:50:06","slug":"rrggk-organizon-forumin-rajonal-te-feministeve-te-reja-2013-2","status":"publish","type":"post","link":"https:\/\/womensnetwork.org\/sq\/rrggk-organizon-forumin-rajonal-te-feministeve-te-reja-2013-2\/","title":{"rendered":"RrGGK Organizon Forumin Rajonal t\u00eb Feministeve t\u00eb Reja 2013"},"content":{"rendered":"<p>Rrjeti i Grupeve t\u00eb Grave t\u00eb Kosov\u00ebs (RrGGK), me 13 dhe 14 N\u00ebntor, organizon FORUMIN Rajonal t\u00eb Feministeve t\u00eb Reja 2013. Forumi do t\u00eb fokusohet tek ndikimi q\u00eb kan\u00eb vajzat p\u00ebr \u00e7\u00ebshtjet aktuale vendore dhe globale. Forumi \u00ebsht\u00eb p\u00ebrkrahur nga Kvinna till Kvinna (KtK).<\/p>\n","protected":false},"excerpt":{"rendered":"<p>Rrjeti i Grupeve t\u00eb Grave t\u00eb Kosov\u00ebs (RrGGK), me 13 dhe 14 N\u00ebntor, organizon FORUMIN Rajonal t\u00eb Feministeve t\u00eb Reja 2013. Forumi do t\u00eb fokusohet tek ndikimi q\u00eb kan\u00eb vajzat p\u00ebr \u00e7\u00ebshtjet aktuale vendore dhe globale. Forumi \u00ebsht\u00eb p\u00ebrkrahur nga Kvinna till Kvinna (KtK).<\/p>\n","protected":false},"author":1,"featured_media":0,"comment_status":"open","ping_status":"open","sticky":false,"template":"","format":"standard","meta":{"_FSMCFIC_featured_image_caption":"","_FSMCFIC_featured_image_nocaption":"","_FSMCFIC_featured_image_hide":"","footnotes":""},"categories":[82,75],"tags":[],"class_list":["post-3336028","post","type-post","status-publish","format-standard","hentry","category-deklaratat-per-shtyp","category-media-sq"],"acf":[],"_links":{"self":[{"href":"https:\/\/womensnetwork.org\/sq\/wp-json\/wp\/v2\/posts\/3336028","targetHints":{"allow":["GET"]}}],"collection":[{"href":"https:\/\/womensnetwork.org\/sq\/wp-json\/wp\/v2\/posts"}],"about":[{"href":"https:\/\/womensnetwork.org\/sq\/wp-json\/wp\/v2\/types\/post"}],"author":[{"embeddable":true,"href":"https:\/\/womensnetwork.org\/sq\/wp-json\/wp\/v2\/users\/1"}],"replies":[{"embeddable":true,"href":"https:\/\/womensnetwork.org\/sq\/wp-json\/wp\/v2\/comments?post=3336028"}],"version-history":[{"count":1,"href":"https:\/\/womensnetwork.org\/sq\/wp-json\/wp\/v2\/posts\/3336028\/revisions"}],"predecessor-version":[{"id":3336032,"href":"https:\/\/womensnetwork.org\/sq\/wp-json\/wp\/v2\/posts\/3336028\/revisions\/3336032"}],"wp:attachment":[{"href":"https:\/\/womensnetwork.org\/sq\/wp-json\/wp\/v2\/media?parent=3336028"}],"wp:term":[{"taxonomy":"category","embeddable":true,"href":"https:\/\/womensnetwork.org\/sq\/wp-json\/wp\/v2\/categories?post=3336028"},{"taxonomy":"post_tag","embeddable":true,"href":"https:\/\/womensnetwork.org\/sq\/wp-json\/wp\/v2\/tags?post=3336028"}],"curies":[{"name":"wp","href":"https:\/\/api.w.org\/{rel}","templated":true}]}}