{"id":3340795,"date":"2019-06-14T14:09:42","date_gmt":"2019-06-14T14:09:42","guid":{"rendered":"https:\/\/womensnetwork.org\/?p=3340795"},"modified":"2019-07-02T14:13:19","modified_gmt":"2019-07-02T14:13:19","slug":"rrgk-u-ben-thirrje-deputeteve-per-te-mos-e-kaluar-ligjin-aktual-te-punes-ne-parlament-2","status":"publish","type":"post","link":"https:\/\/womensnetwork.org\/sq\/rrgk-u-ben-thirrje-deputeteve-per-te-mos-e-kaluar-ligjin-aktual-te-punes-ne-parlament-2\/","title":{"rendered":"RrGK u b\u00ebn thirrje deputet\u00ebve p\u00ebr t\u00eb mos e kaluar Ligjin aktual t\u00eb pun\u00ebs n\u00eb Parlament"},"content":{"rendered":"<p>Rrjeti i Grave t\u00eb Kosov\u00ebs (RrGK) m\u00eb 14 qershor u \u00ebsht\u00eb drejtuar me nj\u00eb let\u00ebr deputet\u00ebve t\u00eb Kuvendit t\u00eb Kosov\u00ebs n\u00eb lidhje me projektligjin aktual t\u00eb pun\u00ebs.<\/p>\n<p>Rrjeti i Grave t\u00eb Kosov\u00ebs konsideron se projektligji aktual\u202fi\u202fpun\u00ebs\u202fp\u00ebrveq q\u00eb p\u00ebrjashton\u202f\u00e7do m\u00ebnyr\u00eb\u202ft\u00eb\u202frregullimit t\u00eb\u202fpushimit t\u00eb\u202flehonis\u00eb, pushimit at\u00ebsor dhe pushimit prind\u00ebror, ai nuk specifikon diskriminimin n\u00eb kontekstin e pun\u00ebsimit. Ky projektligj n\u00eb formatin e tij aktual le t\u00eb pambrojtura grat\u00eb n\u00eb tregun e pun\u00ebs dhe ka munges\u00eb t\u00eb theksuar t\u00eb perspektiv\u00ebs\u202fgjinore mes grave dhe burrave, sidomos n\u00eb kontekstin e pun\u00ebsimit.<\/p>\n<p>P\u00ebrmes k\u00ebsaj letre RrGK u ka b\u00ebr\u00eb thirrje deputet\u00ebve q\u00eb t\u00eb mos lejojn\u00eb kalimin e k\u00ebtij projektligji n\u00eb parlament.<\/p>\n<p>Lexoni <a href=\"https:\/\/womensnetwork.org\/sq\/rrgk-u-ben-thirrje-deputeteve-per-te-mos-e-kaluar-ligjin-aktual-te-punes-ne-parlament\/\">K\u00cbTU<\/a> letr\u00ebn e plot\u00eb s\u00eb bashku me rekomandimet e RrGK-s\u00eb.<\/p>\n","protected":false},"excerpt":{"rendered":"<p>Rrjeti i Grave t\u00eb Kosov\u00ebs (RrGK) m\u00eb 14 qershor u \u00ebsht\u00eb drejtuar me nj\u00eb let\u00ebr deputet\u00ebve t\u00eb Kuvendit t\u00eb Kosov\u00ebs n\u00eb lidhje me projektligjin aktual t\u00eb pun\u00ebs. Rrjeti i Grave t\u00eb Kosov\u00ebs konsideron se projektligji aktual\u202fi\u202fpun\u00ebs\u202fp\u00ebrveq q\u00eb p\u00ebrjashton\u202f\u00e7do m\u00ebnyr\u00eb\u202ft\u00eb\u202frregullimit t\u00eb\u202fpushimit t\u00eb\u202flehonis\u00eb, pushimit at\u00ebsor dhe pushimit prind\u00ebror, ai nuk specifikon diskriminimin n\u00eb kontekstin e pun\u00ebsimit. Ky [&hellip;]<\/p>\n","protected":false},"author":7,"featured_media":3339685,"comment_status":"open","ping_status":"open","sticky":false,"template":"","format":"standard","meta":{"_FSMCFIC_featured_image_caption":"","_FSMCFIC_featured_image_nocaption":"","_FSMCFIC_featured_image_hide":"","footnotes":""},"categories":[58],"tags":[],"class_list":["post-3340795","post","type-post","status-publish","format-standard","has-post-thumbnail","hentry","category-lajme"],"acf":[],"_links":{"self":[{"href":"https:\/\/womensnetwork.org\/sq\/wp-json\/wp\/v2\/posts\/3340795","targetHints":{"allow":["GET"]}}],"collection":[{"href":"https:\/\/womensnetwork.org\/sq\/wp-json\/wp\/v2\/posts"}],"about":[{"href":"https:\/\/womensnetwork.org\/sq\/wp-json\/wp\/v2\/types\/post"}],"author":[{"embeddable":true,"href":"https:\/\/womensnetwork.org\/sq\/wp-json\/wp\/v2\/users\/7"}],"replies":[{"embeddable":true,"href":"https:\/\/womensnetwork.org\/sq\/wp-json\/wp\/v2\/comments?post=3340795"}],"version-history":[{"count":2,"href":"https:\/\/womensnetwork.org\/sq\/wp-json\/wp\/v2\/posts\/3340795\/revisions"}],"predecessor-version":[{"id":3340798,"href":"https:\/\/womensnetwork.org\/sq\/wp-json\/wp\/v2\/posts\/3340795\/revisions\/3340798"}],"wp:featuredmedia":[{"embeddable":true,"href":"https:\/\/womensnetwork.org\/sq\/wp-json\/wp\/v2\/media\/3339685"}],"wp:attachment":[{"href":"https:\/\/womensnetwork.org\/sq\/wp-json\/wp\/v2\/media?parent=3340795"}],"wp:term":[{"taxonomy":"category","embeddable":true,"href":"https:\/\/womensnetwork.org\/sq\/wp-json\/wp\/v2\/categories?post=3340795"},{"taxonomy":"post_tag","embeddable":true,"href":"https:\/\/womensnetwork.org\/sq\/wp-json\/wp\/v2\/tags?post=3340795"}],"curies":[{"name":"wp","href":"https:\/\/api.w.org\/{rel}","templated":true}]}}