{"id":3345189,"date":"2020-06-01T13:57:47","date_gmt":"2020-06-01T13:57:47","guid":{"rendered":"https:\/\/womensnetwork.org\/?p=3345189"},"modified":"2020-06-01T13:57:50","modified_gmt":"2020-06-01T13:57:50","slug":"marshojme-sfestojme-me-shume-perkrahje-per-8-mars-kerkohet-fuqizimi-i-barazise-gjinore","status":"publish","type":"post","link":"https:\/\/womensnetwork.org\/sq\/marshojme-sfestojme-me-shume-perkrahje-per-8-mars-kerkohet-fuqizimi-i-barazise-gjinore\/","title":{"rendered":"\u201cMARShojm\u00eb\u00a0S\u2019Festojm\u00eb\u201d me shum\u00eb p\u00ebrkrahje, p\u00ebr 8 mars k\u00ebrkohet fuqizimi i barazis\u00eb gjinore\u00a0\u00a0\u00a0"},"content":{"rendered":"\n<p><strong><em>\u201cGrat\u00eb s\u2019pushojn\u00eb as t\u00eb&nbsp;<\/em><em>dilleve<\/em><\/strong><em><strong>\u201d<\/strong>,&nbsp;<\/em>ishte nj\u00ebra nga shum\u00eb pankartat e aktivisteve q\u00eb t\u00eb&nbsp;dielen&nbsp;e 8 marsit p\u00ebr t\u00eb drejtat e grave dhe vajzave n\u00eb Kosov\u00eb.&nbsp;&nbsp;<\/p>\n\n\n\n<p>Sheshi \u201cZahir&nbsp;Pajaziti\u2019 n\u00eb Prishtin\u00eb ishte vendtakimi i&nbsp;kolektivtit&nbsp;\u201cMARShojm\u00eb&nbsp;S\u2019festojm\u00eb\u201d, i cili p\u00ebr vitin e pest\u00eb me radh\u00eb Dit\u00ebn Nd\u00ebrkomb\u00ebtare t\u00eb Gruas, 8 Marsin e sh\u00ebnon me marsh protestues.&nbsp;<\/p>\n\n\n\n<p>Rrjeti i Grave t\u00eb&nbsp;Kosov\u00ebs (RrGK)&nbsp;si&nbsp;\u00e7do vit iu bashkua&nbsp;k\u00ebtij marshi, i cili gjeti p\u00ebrkrahje edhe n\u00eb&nbsp;qytetin e Mitrovic\u00ebs dhe at\u00eb&nbsp;t\u00eb&nbsp;Ferizajt.&nbsp;&nbsp;<\/p>\n\n\n\n<p>N\u00eb Prishtin\u00eb qindra qytetar\u00eb&nbsp;marshuan&nbsp;nga&nbsp;Sheshi \u201cZahir&nbsp;Pajaziti\u201d, duke&nbsp;vazhduar te&nbsp;Banka Qendrore e Kosov\u00ebs, Komuna e Prishtin\u00ebs,&nbsp;e deri te Qeveria e Kosov\u00ebs\/Parlamenti.&nbsp;&nbsp;<\/p>\n\n\n\n<p><em>\u201cMe shami pa shami, pun<\/em><em>\u00eb<\/em><em>n e&nbsp;kryj\u201d,<\/em>&nbsp;<em>\u201cMos ma prek hisen!\u201d,<\/em>&nbsp;<em>\u201cSpo&nbsp;du&nbsp;lule, po&nbsp;du&nbsp;kontrat\u00eb pune\u201d,<\/em>&nbsp;ishin disa nga thirrjet e brohoritura nga kolektivi, duke i b\u00ebr\u00eb&nbsp;apel&nbsp;shoq\u00ebris\u00eb&nbsp;p\u00ebr t\u2019u mobilizuar kund\u00ebr pabarazive dhe shfryt\u00ebzimit n\u00eb pun\u00eb, n\u00eb sfer\u00ebn publike dhe at\u00eb&nbsp;private, kund\u00ebr sistemit patriarkal shtyp\u00ebs, si dhe kund\u00ebr \u00e7do lloj t\u00eb padrejt\u00ebsive q\u00eb ushtrohen&nbsp;ndaj grave&nbsp;dhe vajzave.&nbsp;&nbsp;<\/p>\n\n\n\n<div class=\"wp-block-image\"><figure class=\"aligncenter\"><a href=\"https:\/\/womensnetwork.org\/sq\/marshojme-sfestojme-me-shume-perkrahje-per-8-mars-kerkohet-fuqizimi-i-barazise-gjinore\/2020-marshojme-sfestojme\/\"><img decoding=\"async\" src=\"https:\/\/womensnetwork.org\/wp-content\/uploads\/2020\/03\/2020-marshojme-sfestojme-1.jpg\" alt=\"\" class=\"wp-image-3344786\"\/><\/a><\/figure><\/div>\n\n\n\n<p>Aktivistja&nbsp;Xhejrane&nbsp;Lokaj&nbsp;lexoi k\u00ebrkesat e marshit, duke th\u00ebn\u00eb se \u00ebsht\u00eb&nbsp;e vet\u00ebdijshme p\u00ebr diskriminimin&nbsp;q\u00eb grat\u00eb hasin n\u00eb&nbsp;\u00e7do sfer\u00eb t\u00eb jet\u00ebs.&nbsp;&nbsp;<\/p>\n\n\n\n<p>Duke kujtuar&nbsp;se vet\u00ebm 13.7% e grave jan\u00eb t\u00eb pun\u00ebsuara&nbsp;n\u00eb Kosov\u00eb, p\u00ebr m\u00eb tep\u00ebr edhe kur&nbsp;jan\u00eb t\u00eb pun\u00ebsuara, ato&nbsp;vazhdojn\u00eb t\u00eb mbajn\u00eb pozita m\u00eb t\u00eb ul\u00ebta, t\u00eb paguhen m\u00eb pak p\u00ebr pun\u00eb t\u00eb&nbsp;njejt\u00eb&nbsp;krahasuar me burrat,&nbsp;t\u00eb ngacmohen seksualisht, t\u00eb diskriminohen, dhe t\u00eb p\u00ebrjashtohen nga puna,&nbsp;<strong>k<\/strong><strong>\u00eb<\/strong><strong>rkesat ndaj Qeveris\u00eb jan\u00eb si m\u00eb posht\u00eb:<\/strong>&nbsp;<\/p>\n\n\n\n<p>-Politika sociale q\u00eb e fuqizojn\u00eb barazin\u00eb gjinore dhe drejt\u00ebsin\u00eb shoq\u00ebrore;&nbsp;<\/p>\n\n\n\n<p>-Leja prind\u00ebrore t\u00eb jet\u00eb e barabart\u00eb p\u00ebr t\u00eb dy gjinit\u00eb dhe t\u00eb vazhdoj\u00eb t\u00eb jet\u00eb brenda ligjit t\u00eb pun\u00ebs;&nbsp;<\/p>\n\n\n\n<p>-T\u00eb kontrollohet ekonomia jo-formale, ku grat\u00eb dhe burrat kan\u00eb kushte t\u00eb tmerrshme pune;&nbsp;<\/p>\n\n\n\n<p>-Ngacmimi seksual t\u00eb trajtohet seriozisht;&nbsp;<\/p>\n\n\n\n<p>-T\u00eb ket\u00eb siguri n\u00eb pun\u00eb p\u00ebr pun\u00ebtoret e pun\u00ebtor\u00ebt e t\u00eb gjitha&nbsp;sektoreve;&nbsp;<\/p>\n\n\n\n<p>-Sigurim sh\u00ebndet\u00ebsor p\u00ebr t\u00eb gjith\u00eb&nbsp;pa marr\u00eb parasysh a kemi mund\u00ebsi t\u00eb punojm\u00eb me pag\u00eb apo jo!&nbsp;<\/p>\n\n\n\n<p>-40 or\u00eb pun\u00eb n\u00eb jav\u00eb, asnj\u00eb or\u00eb m\u00eb shum\u00eb pa pages\u00eb shtes\u00eb!&nbsp;<\/p>\n\n\n\n<p>-T\u00eb ket\u00eb avancim t\u00eb&nbsp;t\u00eb&nbsp;drejtave t\u00eb pun\u00ebtoreve\/\u00ebve duke zbatuar kontrata kolektive n\u00eb nivel sektori dhe nivel komb\u00ebtar;&nbsp;&nbsp;<\/p>\n\n\n\n<p>-Pag\u00eb minimale t\u00eb&nbsp;dinjitetshme&nbsp;p\u00ebr \u00e7do qytetare e qytetar t\u00eb republik\u00ebs s\u00eb Kosov\u00ebs;&nbsp;<\/p>\n\n\n\n<p>-Trajtim t\u00eb&nbsp;dinjitetsh\u00ebm&nbsp;t\u00eb gjithsecil\u00ebs dhe&nbsp;gjith\u00ebsecilit, pa dallim gjinie, race, etnie, orientimi seksual, klase, gjuhe, aft\u00ebsie, religjioni, moshe, vendbanimi dhe \u00e7do identiteti tjet\u00ebr individual apo shoq\u00ebror.&nbsp;<\/p>\n\n\n\n<p>****<\/p>\n\n\n\n<p>Kliko&nbsp;<a href=\"https:\/\/www.facebook.com\/kosovapress\/videos\/214375079940570\/\">K\u00cbTU<\/a>&nbsp;p\u00ebr t\u00eb shikuar transmetimin e&nbsp;<strong>\u201cMarshojm\u00eb, S\u2019festojm\u00eb\u201d.<\/strong>&nbsp;<\/p>\n\n\n\n<p>****<br>&nbsp;<\/p>\n","protected":false},"excerpt":{"rendered":"<p>\u201cGrat\u00eb s\u2019pushojn\u00eb as t\u00eb&nbsp;dilleve\u201d,&nbsp;ishte nj\u00ebra nga shum\u00eb pankartat e aktivisteve q\u00eb t\u00eb&nbsp;dielen&nbsp;e 8 marsit p\u00ebr t\u00eb drejtat e grave dhe vajzave n\u00eb Kosov\u00eb.&nbsp;&nbsp; Sheshi \u201cZahir&nbsp;Pajaziti\u2019 n\u00eb Prishtin\u00eb ishte vendtakimi i&nbsp;kolektivtit&nbsp;\u201cMARShojm\u00eb&nbsp;S\u2019festojm\u00eb\u201d, i cili p\u00ebr vitin e pest\u00eb me radh\u00eb Dit\u00ebn Nd\u00ebrkomb\u00ebtare t\u00eb Gruas, 8 Marsin e sh\u00ebnon me marsh protestues.&nbsp; Rrjeti i Grave t\u00eb&nbsp;Kosov\u00ebs (RrGK)&nbsp;si&nbsp;\u00e7do vit [&hellip;]<\/p>\n","protected":false},"author":1,"featured_media":3345190,"comment_status":"open","ping_status":"open","sticky":false,"template":"","format":"standard","meta":{"_FSMCFIC_featured_image_caption":"","_FSMCFIC_featured_image_nocaption":"","_FSMCFIC_featured_image_hide":"","footnotes":""},"categories":[58],"tags":[],"class_list":["post-3345189","post","type-post","status-publish","format-standard","has-post-thumbnail","hentry","category-lajme"],"acf":[],"_links":{"self":[{"href":"https:\/\/womensnetwork.org\/sq\/wp-json\/wp\/v2\/posts\/3345189","targetHints":{"allow":["GET"]}}],"collection":[{"href":"https:\/\/womensnetwork.org\/sq\/wp-json\/wp\/v2\/posts"}],"about":[{"href":"https:\/\/womensnetwork.org\/sq\/wp-json\/wp\/v2\/types\/post"}],"author":[{"embeddable":true,"href":"https:\/\/womensnetwork.org\/sq\/wp-json\/wp\/v2\/users\/1"}],"replies":[{"embeddable":true,"href":"https:\/\/womensnetwork.org\/sq\/wp-json\/wp\/v2\/comments?post=3345189"}],"version-history":[{"count":1,"href":"https:\/\/womensnetwork.org\/sq\/wp-json\/wp\/v2\/posts\/3345189\/revisions"}],"predecessor-version":[{"id":3345193,"href":"https:\/\/womensnetwork.org\/sq\/wp-json\/wp\/v2\/posts\/3345189\/revisions\/3345193"}],"wp:featuredmedia":[{"embeddable":true,"href":"https:\/\/womensnetwork.org\/sq\/wp-json\/wp\/v2\/media\/3345190"}],"wp:attachment":[{"href":"https:\/\/womensnetwork.org\/sq\/wp-json\/wp\/v2\/media?parent=3345189"}],"wp:term":[{"taxonomy":"category","embeddable":true,"href":"https:\/\/womensnetwork.org\/sq\/wp-json\/wp\/v2\/categories?post=3345189"},{"taxonomy":"post_tag","embeddable":true,"href":"https:\/\/womensnetwork.org\/sq\/wp-json\/wp\/v2\/tags?post=3345189"}],"curies":[{"name":"wp","href":"https:\/\/api.w.org\/{rel}","templated":true}]}}