{"id":3353012,"date":"2022-01-05T18:34:27","date_gmt":"2022-01-05T18:34:27","guid":{"rendered":"https:\/\/womensnetwork.org\/?p=3353012"},"modified":"2022-02-04T15:00:15","modified_gmt":"2022-02-04T15:00:15","slug":"rrgk-kerkon-denim-maksimal-per-vrasjen-e-gruas-nga-bashkeshorti-ne-llaushe","status":"publish","type":"post","link":"https:\/\/womensnetwork.org\/sq\/rrgk-kerkon-denim-maksimal-per-vrasjen-e-gruas-nga-bashkeshorti-ne-llaushe\/","title":{"rendered":"RrGK k\u00ebrkon d\u00ebnim maksimal p\u00ebr vrasjen e gruas nga bashk\u00ebshorti n\u00eb Llaush\u00eb"},"content":{"rendered":"\n<p>Rrjeti i Grave t\u00eb Kosov\u00ebs (RrGK) me shqet\u00ebsim t\u00eb thell\u00eb ka p\u00ebrcjell\u00eb raportimin e b\u00ebr\u00eb sot nga mediat lidhur me vrasjen e gruas me inicialet L.Q., 48 vje\u00e7are nga bashk\u00ebshorti i saj S.Q,.51 vje\u00e7ar, n\u00eb Llaush\u00eb t\u00eb Skenderajt.<\/p>\n\n\n\n<p>Duke par\u00eb se rastet e vrasjes s\u00eb grave nga burrat e tyre jan\u00eb n\u00eb rritje, RrGK k\u00ebrkon nga institucionet q\u00eb rastet e tilla t\u00eb trajtohen me seriozitet t\u00eb shtuar nga t\u00eb gjitha organet e drejt\u00ebsis\u00eb si Policia, Prokuroria dhe Gjykatat.&nbsp;<\/p>\n\n\n\n<p>Ky rast vet\u00ebm se na shp\u00ebrfaq e na rikujton edhe nj\u00ebher\u00eb mang\u00ebsit\u00eb institucionale n\u00eb trajtimin e duhur t\u00eb vrasjeve t\u00eb grave dhe femicidit. Edhe nj\u00eb grua vdiq n\u00eb vendin n\u00eb t\u00eb cilin \u00e7do vrasje e grave shoq\u00ebrohet me heshtje institucionale, me zvarritje t\u00eb d\u00ebnimeve dhe me d\u00ebnime t\u00eb ul\u00ebta.<\/p>\n\n\n\n<p>Prandaj, RrGK k\u00ebrkon hetim t\u00eb k\u00ebtij rasti deri n\u00eb prov\u00ebn e fundit si dhe k\u00ebrkon d\u00ebnim maksimal ndaj t\u00eb akuzuarit.&nbsp;<\/p>\n\n\n\n<p>Vrasjet e nj\u00eb pas nj\u00ebshme tregojn\u00eb se veprimet dhe vendimet e organeve t\u00eb drejt\u00ebsis\u00eb nuk jan\u00eb duke ndikuar n\u00eb parandalimin e vrasjeve t\u00eb grave dhe k\u00ebto veprime e vendime vet\u00ebm sa po i motivojn\u00eb edhe m\u00eb shum\u00eb dhunuesit, kurse po demotivojn\u00eb grat\u00eb dhe vajzat p\u00ebr t\u00eb k\u00ebrkuar drejt\u00ebsi e p\u00ebr t\u00eb raportuar rastet e dhun\u00ebs.&nbsp;<\/p>\n","protected":false},"excerpt":{"rendered":"<p>Rrjeti i Grave t\u00eb Kosov\u00ebs (RrGK) me shqet\u00ebsim t\u00eb thell\u00eb ka p\u00ebrcjell\u00eb raportimin e b\u00ebr\u00eb sot nga mediat lidhur me vrasjen e gruas me inicialet L.Q., 48 vje\u00e7are nga bashk\u00ebshorti i saj S.Q,.51 vje\u00e7ar, n\u00eb Llaush\u00eb t\u00eb Skenderajt. Duke par\u00eb se rastet e vrasjes s\u00eb grave nga burrat e tyre jan\u00eb n\u00eb rritje, RrGK k\u00ebrkon [&hellip;]<\/p>\n","protected":false},"author":2,"featured_media":3353308,"comment_status":"closed","ping_status":"closed","sticky":false,"template":"","format":"standard","meta":{"_FSMCFIC_featured_image_caption":"","_FSMCFIC_featured_image_nocaption":"","_FSMCFIC_featured_image_hide":"","footnotes":""},"categories":[82],"tags":[],"class_list":["post-3353012","post","type-post","status-publish","format-standard","has-post-thumbnail","hentry","category-deklaratat-per-shtyp"],"acf":[],"_links":{"self":[{"href":"https:\/\/womensnetwork.org\/sq\/wp-json\/wp\/v2\/posts\/3353012","targetHints":{"allow":["GET"]}}],"collection":[{"href":"https:\/\/womensnetwork.org\/sq\/wp-json\/wp\/v2\/posts"}],"about":[{"href":"https:\/\/womensnetwork.org\/sq\/wp-json\/wp\/v2\/types\/post"}],"author":[{"embeddable":true,"href":"https:\/\/womensnetwork.org\/sq\/wp-json\/wp\/v2\/users\/2"}],"replies":[{"embeddable":true,"href":"https:\/\/womensnetwork.org\/sq\/wp-json\/wp\/v2\/comments?post=3353012"}],"version-history":[{"count":5,"href":"https:\/\/womensnetwork.org\/sq\/wp-json\/wp\/v2\/posts\/3353012\/revisions"}],"predecessor-version":[{"id":3353304,"href":"https:\/\/womensnetwork.org\/sq\/wp-json\/wp\/v2\/posts\/3353012\/revisions\/3353304"}],"wp:featuredmedia":[{"embeddable":true,"href":"https:\/\/womensnetwork.org\/sq\/wp-json\/wp\/v2\/media\/3353308"}],"wp:attachment":[{"href":"https:\/\/womensnetwork.org\/sq\/wp-json\/wp\/v2\/media?parent=3353012"}],"wp:term":[{"taxonomy":"category","embeddable":true,"href":"https:\/\/womensnetwork.org\/sq\/wp-json\/wp\/v2\/categories?post=3353012"},{"taxonomy":"post_tag","embeddable":true,"href":"https:\/\/womensnetwork.org\/sq\/wp-json\/wp\/v2\/tags?post=3353012"}],"curies":[{"name":"wp","href":"https:\/\/api.w.org\/{rel}","templated":true}]}}