{"id":3359756,"date":"2023-08-23T08:37:12","date_gmt":"2023-08-23T08:37:12","guid":{"rendered":"https:\/\/womensnetwork.org\/?p=3359756"},"modified":"2023-09-25T17:09:47","modified_gmt":"2023-09-25T17:09:47","slug":"wai-ngrit-vetedijen-e-vajzave-e-grave-ne-lipjan-per-shendetin-mendor-dhe-seksual","status":"publish","type":"post","link":"https:\/\/womensnetwork.org\/sq\/wai-ngrit-vetedijen-e-vajzave-e-grave-ne-lipjan-per-shendetin-mendor-dhe-seksual\/","title":{"rendered":"WAI ngrit vet\u00ebdijen e vajzave e grave n\u00eb Lipjan p\u00ebr sh\u00ebndetin mendor dhe seksual"},"content":{"rendered":"\n<p>Mbi 20 gra e vajza t\u00eb komuniteteve rom, ashkali dhe egjiptas u mblodh\u00ebn n\u00eb shkoll\u00ebn fillore ne Gadime t\u00eb Lipjanit p\u00ebr t\u00eb diskutuar p\u00ebr sh\u00ebndetin mendor e seksual, por edhe p\u00ebr t\u2019u informuar p\u00ebr shum\u00eb t\u00eb drejtat q\u00eb g\u00ebzojn\u00eb.<\/p>\n\n\n\n<p>Forca shtyt\u00ebse e k\u00ebsaj nisme \u00ebsht\u00eb organizata an\u00ebtare e RrGK-s\u00eb, Women Alliance for Integration (WAI) e cila mban k\u00ebto ligj\u00ebrata n\u00eb kuad\u00ebr t\u00eb nism\u00ebs \u201cMobilizmi i grave dhe vajzave rome, ashkalike dhe egjiptiane p\u00ebr t\u00eb drejtat mbi sh\u00ebndetin mendor dhe seksual,\u201d q\u00eb mb\u00ebshtetet nga Rrjeti i Grave t\u00eb Kosov\u00ebs (RrGK).<\/p>\n\n\n\n<p>Adelina Qorraj Emini drejtore e WAI, thekson p\u00ebrparimin e r\u00ebnd\u00ebsish\u00ebm q\u00eb kan\u00eb b\u00ebr\u00eb&nbsp; n\u00eb fuqizimin e grave n\u00eb komun\u00ebn e Lipjanit.<\/p>\n\n\n\n<p>\u201cQ\u00ebllimi kryesor \u00ebsht\u00eb vet\u00ebdijesimi i tyre p\u00ebr t\u2019i mbrojtur t\u00eb drejtat e tyre dhe p\u00ebr t\u00eb mos heshtur. Me largu frik\u00ebn, me u mobilizu me i k\u00ebrku t\u00eb drejtat e tyre. Ky \u00ebsht\u00eb q\u00ebllimi yn\u00eb kryesor,\u201d shprehet ajo.<\/p>\n\n\n\n<p>Pjes\u00ebmarr\u00ebset e komuniteteve rom, ashkali dhe egjiptas n\u00eb shumic\u00ebn e rasteve kan\u00eb arsim t\u00eb kufizuar formal e nganj\u00ebher\u00eb disa nga to nuk din\u00eb as shkrim e lexim.<\/p>\n\n\n\n<p>Andaj edhe prekja e temave m\u00eb t\u00eb ndjeshme sikurse q\u00eb \u00ebsht\u00eb sh\u00ebndeti mendor dhe ai seksual, e b\u00ebn t\u00eb v\u00ebshtir\u00eb pun\u00ebn e psikologes. Megjithat\u00eb, Fjolla Ibrahimi Starabaja n\u00eb ligj\u00ebrat\u00ebn n\u00eb Gadime, sikurse edhe n\u00eb dhjet\u00ebra t\u00eb tjera mbajtur deri tash me WAI, i p\u00ebrshtatet k\u00ebrkesave t\u00eb grave dhe vajzave n\u00eb m\u00ebnyr\u00eb q\u00eb t\u00eb jet\u00eb sa m\u00eb e kuptueshme.<\/p>\n\n\n\n<p>\u201cTemat e prekura kane qen\u00eb p\u00ebr stres, ankth, depresion, para e pas lindjes. Mund t\u00eb them se k\u00ebto grupe, jan\u00eb pak ose fare t\u00eb shkolluara, andaj edhe un\u00eb zhvilloj sesione me bashk\u00ebbisedim duke marr\u00eb rekomandime prej grupeve punuese, p\u00ebr t\u00eb diskutuar temat q\u00eb atyre iu interesojn\u00eb,\u201d thot\u00eb Fjolla e cila tha se n\u00eb secil\u00ebn ligj\u00ebrat\u00eb mundohet t\u2019i informoj\u00eb grat\u00eb p\u00ebr t\u00eb drejtat e tyre.<\/p>\n\n\n\n<p>\u201cShum\u00eb pak gra e din\u00eb se \u00e7ka munden m\u00eb k\u00ebrku prej institucioneve, cilat jan\u00eb t\u00eb drejtat e tyre, si raportohet nj\u00eb rast i dhun\u00ebs ku un\u00eb lirisht mund te them, jo vet\u00ebm si psikologe por edhe si pun\u00ebtore sociale q\u00eb e b\u00ebj n\u00eb p\u00ebrditshm\u00ebri, prej k\u00ebtyre takimeve ka rrjedh q\u00eb nj\u00eb num\u00ebr i madh i grave edhe kan\u00eb hapur raste t\u00eb dhun\u00ebs n\u00eb familje,\u201d tha ajo.<\/p>\n\n\n\n<p>Me grat\u00eb dhe vajzat e k\u00ebtyre komuniteteve si Fjolla ashtu edhe Adelina kan\u00eb biseduar edhe p\u00ebr martesat e hershme dhe ndikimin e tyre si nga ana ligjore ashtu edhe nga ajo psikologjike.<\/p>\n\n\n\n<p>N\u00eb k\u00ebto ligj\u00ebrata u theksua se r\u00ebnd\u00ebsia e arsimit si nj\u00eb mjet p\u00ebr t\u00eb thyer ciklin e varf\u00ebris\u00eb dhe p\u00ebr t\u00eb krijuar familje t\u00eb edukuara dhe t\u00eb arsimuara.<\/p>\n\n\n\n<p>WAI \u00ebsht\u00eb p\u00ebrfituese e grantit t\u00eb raundit t\u00eb 18-t\u00eb t\u00eb Fondit t\u00eb Grave t\u00eb Kosov\u00ebs n\u00eb kuad\u00ebr t\u00eb nism\u00ebs se RrGK-s\u00eb \u201cAvancimi i iniciativ\u00ebs p\u00ebr t\u00eb drejtat e grave II\u201d financuar nga Agjencia Austriake p\u00ebr Zhvillim (ADA) dhe bashk\u00ebfinancuar nga Agjencia Suedeze p\u00ebr Bashk\u00ebpunim dhe Zhvillim Nd\u00ebrkomb\u00ebtar (Sida).<\/p>\n","protected":false},"excerpt":{"rendered":"<p>Mbi 20 gra e vajza t\u00eb komuniteteve rom, ashkali dhe egjiptas u mblodh\u00ebn n\u00eb shkoll\u00ebn fillore ne Gadime t\u00eb Lipjanit p\u00ebr t\u00eb diskutuar p\u00ebr sh\u00ebndetin mendor e seksual, por edhe p\u00ebr t\u2019u informuar p\u00ebr shum\u00eb t\u00eb drejtat q\u00eb g\u00ebzojn\u00eb. Forca shtyt\u00ebse e k\u00ebsaj nisme \u00ebsht\u00eb organizata an\u00ebtare e RrGK-s\u00eb, Women Alliance for Integration (WAI) e [&hellip;]<\/p>\n","protected":false},"author":13,"featured_media":3359757,"comment_status":"closed","ping_status":"closed","sticky":false,"template":"","format":"standard","meta":{"_FSMCFIC_featured_image_caption":"","_FSMCFIC_featured_image_nocaption":"","_FSMCFIC_featured_image_hide":"","footnotes":""},"categories":[58],"tags":[],"class_list":["post-3359756","post","type-post","status-publish","format-standard","has-post-thumbnail","hentry","category-lajme"],"acf":[],"_links":{"self":[{"href":"https:\/\/womensnetwork.org\/sq\/wp-json\/wp\/v2\/posts\/3359756","targetHints":{"allow":["GET"]}}],"collection":[{"href":"https:\/\/womensnetwork.org\/sq\/wp-json\/wp\/v2\/posts"}],"about":[{"href":"https:\/\/womensnetwork.org\/sq\/wp-json\/wp\/v2\/types\/post"}],"author":[{"embeddable":true,"href":"https:\/\/womensnetwork.org\/sq\/wp-json\/wp\/v2\/users\/13"}],"replies":[{"embeddable":true,"href":"https:\/\/womensnetwork.org\/sq\/wp-json\/wp\/v2\/comments?post=3359756"}],"version-history":[{"count":4,"href":"https:\/\/womensnetwork.org\/sq\/wp-json\/wp\/v2\/posts\/3359756\/revisions"}],"predecessor-version":[{"id":3360083,"href":"https:\/\/womensnetwork.org\/sq\/wp-json\/wp\/v2\/posts\/3359756\/revisions\/3360083"}],"wp:featuredmedia":[{"embeddable":true,"href":"https:\/\/womensnetwork.org\/sq\/wp-json\/wp\/v2\/media\/3359757"}],"wp:attachment":[{"href":"https:\/\/womensnetwork.org\/sq\/wp-json\/wp\/v2\/media?parent=3359756"}],"wp:term":[{"taxonomy":"category","embeddable":true,"href":"https:\/\/womensnetwork.org\/sq\/wp-json\/wp\/v2\/categories?post=3359756"},{"taxonomy":"post_tag","embeddable":true,"href":"https:\/\/womensnetwork.org\/sq\/wp-json\/wp\/v2\/tags?post=3359756"}],"curies":[{"name":"wp","href":"https:\/\/api.w.org\/{rel}","templated":true}]}}