{"id":3360789,"date":"2023-11-14T14:19:20","date_gmt":"2023-11-14T14:19:20","guid":{"rendered":"https:\/\/womensnetwork.org\/?p=3360789"},"modified":"2023-11-14T14:30:13","modified_gmt":"2023-11-14T14:30:13","slug":"liliana-cavolli-diva-e-muzikes-shqiptare-qe-i-fali-publikut-kengen-dhe-shpirtin","status":"publish","type":"post","link":"https:\/\/womensnetwork.org\/sq\/liliana-cavolli-diva-e-muzikes-shqiptare-qe-i-fali-publikut-kengen-dhe-shpirtin\/","title":{"rendered":"Liliana \u00c7avolli \u2013 diva e muzik\u00ebs shqiptare q\u00eb i fali publikut k\u00ebng\u00ebn dhe shpirtin"},"content":{"rendered":"\n<p>Lililana \u00c7avolli ka l\u00ebn\u00eb gjurm\u00eb t\u00eb pashlyeshme n\u00eb historin\u00eb e muzik\u00ebs kosovare duke l\u00ebn\u00eb pas vetes&nbsp;mbi 300 k\u00ebng\u00eb t\u00eb pavdekshme.<\/p>\n\n\n\n<p>Ajo \u00ebsht\u00eb nd\u00ebr k\u00ebng\u00ebtaret e para n\u00eb Kosov\u00eb, q\u00eb p\u00ebrfundoi shkoll\u00ebn p\u00ebr muzik\u00eb, n\u00eb koh\u00ebn kur ishte sfid\u00eb t\u00eb realizohej nj\u00eb \u00ebnd\u00ebrr e till\u00eb. Liliana jo vet\u00ebm q\u00eb u b\u00eb e dashur p\u00ebr muzik\u00ebn q\u00eb ofroi, por edhe trasoi rrug\u00ebn p\u00ebr shum\u00eb vajza t\u00eb reja q\u00eb ndoq\u00ebn rrug\u00ebn e saj.<\/p>\n\n\n\n<p>Ajo ishte n\u00eb sken\u00eb p\u00ebr m\u00eb shum\u00eb se pes\u00eb dekada, me k\u00ebng\u00ebn e saj t\u00eb leht\u00eb qytetare. Lili, si\u00e7 e njihnin miqt\u00eb kishte punuar edhe n\u00eb redaksin\u00eb e muzik\u00ebs n\u00eb Radio Prishtin\u00eb, nd\u00ebrsa pas luft\u00ebs ka qen\u00eb autore dhe moderatore e emisionit \u201cEvergreen\u201d n\u00eb Radio Kosova.<\/p>\n\n\n\n<p>70 vjetorin e lindjes dhe pes\u00eb dekada karrier\u00eb n\u00eb sken\u00eb ajo i kishte festuar n\u00eb nj\u00eb megakoncert q\u00eb e kishte organizuar Grupi Koha n\u00eb Teatrin Komb\u00ebtar t\u00eb Kosov\u00ebs, n\u00eb shkurt t\u00eb vitit 2013.<\/p>\n\n\n\n<p>&#8220;P\u00ebr pes\u00eb dekada me radh\u00eb ajo ia fali publikut k\u00ebng\u00ebn dhe shpirtin. Asnj\u00ebher\u00eb nuk kishte k\u00ebrkuar di\u00e7ka n\u00eb kthim. Por shp\u00ebrblimin ia solli koha. Mbr\u00ebmja e s\u00eb diel\u00ebs s\u00eb 3 shkurtit, p\u00ebr shum\u00eb k\u00eb mund t\u00eb ket\u00eb qen\u00eb e zakonshme. Por, jo edhe p\u00ebr div\u00ebn e muzik\u00ebs shqiptare, Liliana \u00c7avolli&#8221;, shkruante Koha Ditore p\u00ebr koncertin.<\/p>\n\n\n\n<p>\u201c\u00cbsht\u00eb mbr\u00ebmja m\u00eb e bukur e jet\u00ebs sime\u201d, kishte qen\u00eb p\u00ebrshkrimi q\u00eb ia ka b\u00ebr\u00eb \u00c7avolli gala koncertit t\u00eb titulluar \u201cK\u00ebnga dhe shpirti, p\u00ebr Lilin me zem\u00ebr\u201d.&nbsp;<\/p>\n\n\n\n<p>Liliana \u00c7avolli ka lindur n\u00eb Prizren, nd\u00ebrkaq prejardhjen e ka nga nj\u00eb familje kor\u00e7are. \u00cbsht\u00eb rritur n\u00eb Shkup t\u00eb Maqedonis\u00eb. N\u00ebna e Lilian\u00ebs ishte k\u00ebng\u00ebtare dhe nj\u00eb m\u00ebngjes e mori si shoq\u00ebruese n\u00eb nj\u00eb paraqitje n\u00eb radio, ku edhe z\u00eb fill karriera e saj n\u00eb muzik\u00eb. Fati p\u00ebrs\u00ebri e ktheu n\u00eb Prizren ku Liliana filloi hapat e par\u00eb si k\u00ebng\u00ebtare. Nj\u00ebkoh\u00ebsisht ndoqi m\u00ebsimet e solok\u00ebndimit n\u00eb shkoll\u00eb t\u00eb mesme t\u00eb muzik\u00ebs dhe u an\u00ebtar\u00ebsua n\u00eb Shoq\u00ebrin\u00eb Kulturore Artistika \u201cAgimi\u201d. Talenti, z\u00ebri dhe puna n\u00eb Prizren b\u00ebn\u00eb q\u00eb Liliana t\u00eb shquhej shpejt si em\u00ebr premtues.<\/p>\n\n\n\n<p>K\u00ebng\u00ebtarja nga Prizreni njihej si zambaku i k\u00ebtij qyteti dhe pik\u00ebrisht k\u00ebnga \u201cZambaku i Prizrenit\u201d e simbolizon m\u00eb s\u00eb miri artisten.<\/p>\n\n\n\n<p>Lililana \u00c7avolli u shqua si artiste e rrall\u00eb, e cila pushtoi majat e muzik\u00ebs zbavit\u00ebse, por shk\u00eblqeu edhe n\u00eb zhanre t\u00eb tjera. Ka rrezatuar pozitivitet e ngroht\u00ebsi me ata q\u00eb kan\u00eb gravituar af\u00ebr saj. Liliana me personalitetin dhe krijimtarin\u00eb e saj, e ka pasuruar jet\u00ebn kulturore duke mbetur p\u00ebrher\u00eb nj\u00eb thesar i \u00e7muar i kultur\u00ebs.<\/p>\n\n\n\n<p>P\u00ebr Lilin, mikja dhe k\u00ebng\u00ebtarja e shquar Nexhmije Pagarusha thoshte:<\/p>\n\n\n\n<p>\u201cLilana Cavolli \u00ebsht\u00eb nj\u00eb k\u00ebng\u00ebtare e shk\u00eblqyer. Ka qen\u00eb dhe \u00ebsht\u00eb edhe sot! Ajo ka k\u00ebnduar me t\u00eb nj\u00ebjtin sukses si k\u00ebng\u00ebn zbavit\u00ebse si at\u00eb popullore. Lilana \u00ebsht\u00eb nj\u00eb soprano e mrekullueshme. Ajo edhe sot \u00ebsht\u00eb n\u00eb gjendje t\u00eb k\u00ebndoj\u00eb drejtp\u00ebrdrejt. Nuk do t\u00eb pranonte kurr\u00eb t\u00eb k\u00ebndoj\u00eb \u2018playback\u2019\u201d.<\/p>\n\n\n\n<p>Sami Piraj kompozitor dhe gazetar i muzik\u00ebs, thoshte p\u00ebr Lilian\u00ebn se \u201cajo ka timb\u00ebr karakteristik, t\u00eb \u00e7ilt\u00ebr, vokacion t\u00eb ngroht\u00eb, ngjyr\u00eb t\u00eb form\u00ebsuar, diksion t\u00eb qart\u00eb q\u00eb jan\u00eb bazament i vler\u00ebs s\u00eb kalibrit t\u00eb k\u00ebng\u00ebtareve t\u00eb afirmuara.\u201d<\/p>\n\n\n\n<p>\u201cLiliana mbetet me em\u00ebr n\u00eb k\u00ebng\u00ebn ton\u00eb duke iu fal\u00ebnderuar k\u00ebtyre karakteristikave. Ajo n\u00eb cdo interpretim t\u00eb k\u00ebng\u00ebve nuk d\u00ebshiron t\u00eb mbetet e zakonshme. P\u00ebrkundrazi p\u00ebrjetimi i notave me tekstin mbeten prore preokupim p\u00ebr ta skalitur deri n\u00eb maksimum at\u00eb q\u00eb ishin dhe mbeten sinonime t\u00eb k\u00ebng\u00ebtareve tona t\u00eb m\u00ebdha si Nexhmije Pagarusha, Vace Zela, Hafsa Zyberi, Naile Hoxha, Fitnete Rexha, Shpresa Gashi, Shahindere B\u00ebrlajolli etj.\u201d<\/p>\n\n\n\n<p>F\u00ebmij\u00ebria e Lilian\u00ebs nuk ishte e leht\u00eb, pasi babai i saj vazhdimisht ka qen\u00eb i p\u00ebrndjekur i regjimit t\u00eb at\u00ebhersh\u00ebm.<\/p>\n\n\n\n<p>\u201cNe kemi pasur nj\u00eb harmoni kur kemi qen\u00eb bashk\u00eb, n\u00ebna babi dhe dy v\u00ebllez\u00ebrit, por rehatin\u00eb na kan\u00eb prishur persekutimet dhe burgosjet e babait tim,\u201d rr\u00ebfente n\u00eb intervistat me mediat e Kosov\u00ebs Liliana.<\/p>\n\n\n\n<p>\u201cKarriera m\u00eb ka b\u00ebr\u00eb t\u00eb lumtur, por kur ka ardhur n\u00eb jet\u00eb vazja ime n\u00eb 1972 mu ka dukur q\u00eb e t\u00ebr\u00eb bota \u00ebsht\u00eb e imja\u201d, rr\u00ebfente Lili p\u00ebr koh\u00ebn kur e lindi Iren\u00ebn.<\/p>\n\n\n\n<p>E Irena, q\u00eb jeton n\u00eb Lond\u00ebr, mendon se n\u00ebna e saj Liliana nuk e ka zhvilluar plot\u00ebsisht potencialin e saj.<\/p>\n\n\n\n<p>\u201cMendoj q\u00eb ka mundur t\u00eb b\u00ebj\u00eb m\u00eb shum\u00eb, dhe po me dhemb zemra q\u00eb nuk po k\u00ebndon qe nj\u00eb koh\u00eb t\u00eb&nbsp; gjat\u00eb. Tash e ka nj\u00eb z\u00eb edhe m\u00eb t\u00eb mir\u00eb, por s\u2019ka mund\u00ebsi t\u00eb realizoj\u00eb k\u00ebng\u00eb. Un\u00eb fatkeq\u00ebsisht nuk u b\u00ebra e pasur n\u00eb m\u00ebrgim q\u00eb t\u00eb mund t\u2019i ndihmoja p\u00ebr t\u00eb realizuar edhe m\u00eb shum\u00eb\u201d, ka th\u00ebn\u00eb Irena.<\/p>\n\n\n\n<p>Por, a i mbeti v\u00ebrtet\u00eb nj\u00eb k\u00ebng\u00eb apo di\u00e7ka tjet\u00ebr peng Lilian\u00ebs?<\/p>\n\n\n\n<p>\u201cKam pasur shum\u00eb d\u00ebshir\u00eb t\u00eb merrem me muzik\u00eb klasike. I kam pasur t\u00eb gjitha predispozitat t\u00eb b\u00ebhem k\u00ebng\u00ebtare e operas, por ja k\u00ebshtu nuk u b\u00eb. Erdha n\u00eb Kosov\u00eb, fillova t\u00eb k\u00ebndoj&#8230; m\u00eb mor\u00ebn uj\u00ebrat e zbavitjes, muzik\u00ebs zbavit\u00ebse, popullore, u pun\u00ebsova&#8230; K\u00ebshtu q\u00eb as vet\u00eb nuk u angazhova p\u00ebr ta plot\u00ebsuar k\u00ebt\u00eb d\u00ebshir\u00eb, por k\u00ebt\u00eb ua d\u00ebshiroj talenteve t\u00eb reja. Ka shum\u00eb prej tyre q\u00eb v\u00ebrtet mund t\u00eb arrijn\u00eb. Do t\u2019u kisha th\u00ebn\u00eb atyre t\u00eb mos shkojn\u00eb t\u00eb k\u00ebndojn\u00eb n\u00ebp\u00ebr kafene, por ta ruajn\u00eb z\u00ebrin, t\u00eb shkollohen, se nj\u00eb dit\u00eb patjet\u00ebr q\u00eb do t\u00eb funksionoj\u00eb si duhet edhe ky segment,\u201d pat th\u00ebn\u00eb Liliana \u00c7avolli n\u00eb nj\u00eb intervist\u00eb p\u00ebr Radio Kosov\u00ebn.<\/p>\n\n\n\n<p>Liliana \u00c7avolli lindi m\u00eb 1942 dhe nd\u00ebrroi jet\u00eb n\u00eb vitin 2015.<\/p>\n","protected":false},"excerpt":{"rendered":"<p>Lililana \u00c7avolli ka l\u00ebn\u00eb gjurm\u00eb t\u00eb pashlyeshme n\u00eb historin\u00eb e muzik\u00ebs kosovare duke l\u00ebn\u00eb pas vetes&nbsp;mbi 300 k\u00ebng\u00eb t\u00eb pavdekshme. Ajo \u00ebsht\u00eb nd\u00ebr k\u00ebng\u00ebtaret e para n\u00eb Kosov\u00eb, q\u00eb p\u00ebrfundoi shkoll\u00ebn p\u00ebr muzik\u00eb, n\u00eb koh\u00ebn kur ishte sfid\u00eb t\u00eb realizohej nj\u00eb \u00ebnd\u00ebrr e till\u00eb. Liliana jo vet\u00ebm q\u00eb u b\u00eb e dashur p\u00ebr muzik\u00ebn q\u00eb [&hellip;]<\/p>\n","protected":false},"author":12,"featured_media":3360793,"comment_status":"closed","ping_status":"closed","sticky":false,"template":"","format":"standard","meta":{"_FSMCFIC_featured_image_caption":"","_FSMCFIC_featured_image_nocaption":"","_FSMCFIC_featured_image_hide":"","footnotes":""},"categories":[58],"tags":[],"class_list":["post-3360789","post","type-post","status-publish","format-standard","has-post-thumbnail","hentry","category-lajme"],"acf":[],"_links":{"self":[{"href":"https:\/\/womensnetwork.org\/sq\/wp-json\/wp\/v2\/posts\/3360789","targetHints":{"allow":["GET"]}}],"collection":[{"href":"https:\/\/womensnetwork.org\/sq\/wp-json\/wp\/v2\/posts"}],"about":[{"href":"https:\/\/womensnetwork.org\/sq\/wp-json\/wp\/v2\/types\/post"}],"author":[{"embeddable":true,"href":"https:\/\/womensnetwork.org\/sq\/wp-json\/wp\/v2\/users\/12"}],"replies":[{"embeddable":true,"href":"https:\/\/womensnetwork.org\/sq\/wp-json\/wp\/v2\/comments?post=3360789"}],"version-history":[{"count":2,"href":"https:\/\/womensnetwork.org\/sq\/wp-json\/wp\/v2\/posts\/3360789\/revisions"}],"predecessor-version":[{"id":3360797,"href":"https:\/\/womensnetwork.org\/sq\/wp-json\/wp\/v2\/posts\/3360789\/revisions\/3360797"}],"wp:featuredmedia":[{"embeddable":true,"href":"https:\/\/womensnetwork.org\/sq\/wp-json\/wp\/v2\/media\/3360793"}],"wp:attachment":[{"href":"https:\/\/womensnetwork.org\/sq\/wp-json\/wp\/v2\/media?parent=3360789"}],"wp:term":[{"taxonomy":"category","embeddable":true,"href":"https:\/\/womensnetwork.org\/sq\/wp-json\/wp\/v2\/categories?post=3360789"},{"taxonomy":"post_tag","embeddable":true,"href":"https:\/\/womensnetwork.org\/sq\/wp-json\/wp\/v2\/tags?post=3360789"}],"curies":[{"name":"wp","href":"https:\/\/api.w.org\/{rel}","templated":true}]}}