{"id":3360924,"date":"2023-11-22T13:11:00","date_gmt":"2023-11-22T13:11:00","guid":{"rendered":"https:\/\/womensnetwork.org\/?p=3360924"},"modified":"2025-11-04T09:16:38","modified_gmt":"2025-11-04T09:16:38","slug":"v-fuqizon-aktivistet-te-enderrojne-pertej-patriarkalizmit-te-bashkohen-kunder-dhunes","status":"publish","type":"post","link":"https:\/\/womensnetwork.org\/sq\/v-fuqizon-aktivistet-te-enderrojne-pertej-patriarkalizmit-te-bashkohen-kunder-dhunes\/","title":{"rendered":"V fuqizon aktivistet t\u00eb \u00ebnd\u00ebrrojn\u00eb p\u00ebrtej patriarkalizmit, t\u00eb bashkohen kund\u00ebr dhun\u00ebs"},"content":{"rendered":"\n<p>T\u00eb mart\u00ebn n\u00eb mbr\u00ebmje (21 n\u00ebntor), aktivist\u00eb feminist\u00eb, gra dhe burra, u inspiruan n\u00eb Prishtin\u00eb nga V (e njohur m\u00eb par\u00eb si Eve Ensler), artiste, aktiviste dhe shkrimtare me fam\u00eb bot\u00ebrore, fituese e \u00e7mimeve t\u00eb ndryshme. Ajo ka folur se si arti e ka frym\u00ebzuar aktivizmin e saj.<\/p>\n\n\n\n<p>\u201cAjo q\u00eb m\u00eb motivoi \u00ebsht\u00eb zem\u00ebrimi dhe dashuria\u201d, tha ajo, duke diskutuar se si t\u00eb dyja fuqizojn\u00eb pun\u00ebn e saj.<\/p>\n\n\n\n<figure class=\"wp-block-image size-large\"><img fetchpriority=\"high\" decoding=\"async\" width=\"1024\" height=\"1024\" src=\"https:\/\/womensnetwork.org\/wp-content\/uploads\/2023\/11\/3-1024x1024.png\" alt=\"\" class=\"wp-image-3360928\" srcset=\"https:\/\/womensnetwork.org\/wp-content\/uploads\/2023\/11\/3-1024x1024.png 1024w, https:\/\/womensnetwork.org\/wp-content\/uploads\/2023\/11\/3-300x300.png 300w, https:\/\/womensnetwork.org\/wp-content\/uploads\/2023\/11\/3-150x150.png 150w, https:\/\/womensnetwork.org\/wp-content\/uploads\/2023\/11\/3-768x768.png 768w, https:\/\/womensnetwork.org\/wp-content\/uploads\/2023\/11\/3.png 1080w\" sizes=\"(max-width: 1024px) 100vw, 1024px\" \/><\/figure>\n\n\n\n<p>Ajo reflektoi sesi patriarkalizmi p\u00ebrmes pushtetit, dominimit dhe paras\u00eb mund\u00ebson dhun\u00ebn e vazhdueshme ndaj grave, zgjerimin e fashizmit, rritjen e konfliktit n\u00eb nivel global dhe regresionin n\u00eb t\u00eb drejtat e grave.<\/p>\n\n\n\n<p>N\u00eb k\u00ebt\u00eb atmosfer\u00eb, \u00ebsht\u00eb e leht\u00eb t\u00eb humbas\u00ebsh shpres\u00ebn dhe t&#8217;i n\u00ebnshtrohesh vetmis\u00eb dhe depresionit.<\/p>\n\n\n\n<p>\u00c7far\u00eb e motivon V-n\u00eb t\u00eb vazhdoj\u00eb, mes pesimist\u00ebve q\u00eb thon\u00eb se dhuna ndaj grave nuk do t\u00eb p\u00ebrfundoj\u00eb kurr\u00eb?<\/p>\n\n\n\n<p>Ajo refuzon t\u00eb pranoj\u00eb nj\u00eb munges\u00eb t\u00eb till\u00eb imagjinate q\u00eb nj\u00eb e ardhme pa patriarkaliz\u00ebm dhe dhun\u00eb \u00ebsht\u00eb me t\u00eb v\u00ebrtet\u00eb e mundur. Ajo ftoi audienc\u00ebn t\u00eb imagjinonte se si do t\u00eb dukej nj\u00eb bot\u00eb e till\u00eb dhe t\u00eb punojn\u00eb s\u00eb bashku drejt krijimit t\u00eb saj.<\/p>\n\n\n\n<p>\u201cAskush nuk ia ka dal\u00eb kurr\u00eb t\u00eb na b\u00ebj\u00eb t\u00eb heqim dor\u00eb nga \u00ebndrra jon\u00eb\u201d, tha ajo.<\/p>\n\n\n\n<p>L\u00ebvizja globale \u201cNj\u00eb miliard n\u00eb k\u00ebmb\u00eb\u201d, e iniciuar nga V n\u00eb bashk\u00ebpunim me aktivist\u00eb anemban\u00eb bot\u00ebs, njeh faktin se nj\u00eb n\u00eb tri gra ka p\u00ebrjetuar dhun\u00eb, n\u00eb total m\u00eb shum\u00eb se nj\u00eb miliard gra. N\u00ebse t\u00eb gjitha grat\u00eb q\u00eb kan\u00eb p\u00ebrjetuar dhun\u00eb ngrihen s\u00eb bashku, ne mund ta realizojm\u00eb \u00ebndrr\u00ebn ton\u00eb p\u00ebr t&#8217;i dh\u00ebn\u00eb fund dhun\u00ebs ndaj grave.<\/p>\n\n\n\n<figure class=\"wp-block-image size-large\"><img decoding=\"async\" width=\"1024\" height=\"1024\" src=\"https:\/\/womensnetwork.org\/wp-content\/uploads\/2023\/11\/2-1024x1024.png\" alt=\"\" class=\"wp-image-3360931\" srcset=\"https:\/\/womensnetwork.org\/wp-content\/uploads\/2023\/11\/2-1024x1024.png 1024w, https:\/\/womensnetwork.org\/wp-content\/uploads\/2023\/11\/2-300x300.png 300w, https:\/\/womensnetwork.org\/wp-content\/uploads\/2023\/11\/2-150x150.png 150w, https:\/\/womensnetwork.org\/wp-content\/uploads\/2023\/11\/2-768x768.png 768w, https:\/\/womensnetwork.org\/wp-content\/uploads\/2023\/11\/2.png 1080w\" sizes=\"(max-width: 1024px) 100vw, 1024px\" \/><\/figure>\n\n\n\n<p>\u201cKjo energji e nj\u00eb milion grave, burrave, mb\u00ebshtet\u00ebsve dhe aleat\u00ebve, t\u00eb gjith\u00eb duke k\u00ebrcyer s\u00eb bashku mund t&#8217;i jap\u00eb fund patriarkalizmit\u201d, tha V. E gjith\u00eb toka do t\u00eb l\u00ebvizte. \u201cNe kemi fuqi. Por, vet\u00ebm na duhet guximi dhe organizimi.\u201d<\/p>\n\n\n\n<p>Kur u pyet p\u00ebr rolin q\u00eb mediat sociale kan\u00eb n\u00eb l\u00ebvizje, ajo vuri n\u00eb pah konfliktin mes keqinformimit e vetmis\u00eb q\u00eb shkakton, dhe fuqis\u00eb s\u00eb saj p\u00ebr t\u00eb p\u00ebrhapur informacionin.<\/p>\n\n\n\n<p>\u201cMediat sociale mund t\u00eb ken\u00eb nj\u00eb rol n\u00eb p\u00ebrhapjen e informacionit, por nuk \u00ebsht\u00eb ashtu. &#8230; Ju duhet t\u00eb ndjeni dhe prekni [l\u00ebvizjen] me trupin tuaj.\u201d<\/p>\n\n\n\n<p>Ajo theksoi r\u00ebnd\u00ebsin\u00eb e rrjet\u00ebzimit, kontaktit fizik dhe vall\u00ebzimit n\u00eb motivimin dhe zgjerimin e l\u00ebvizjes globale feministe.<\/p>\n\n\n\n<figure class=\"wp-block-image size-full\"><img decoding=\"async\" width=\"854\" height=\"576\" src=\"https:\/\/womensnetwork.org\/wp-content\/uploads\/2023\/11\/5a.jpg\" alt=\"\" class=\"wp-image-3360934\" srcset=\"https:\/\/womensnetwork.org\/wp-content\/uploads\/2023\/11\/5a.jpg 854w, https:\/\/womensnetwork.org\/wp-content\/uploads\/2023\/11\/5a-300x202.jpg 300w, https:\/\/womensnetwork.org\/wp-content\/uploads\/2023\/11\/5a-768x518.jpg 768w\" sizes=\"(max-width: 854px) 100vw, 854px\" \/><\/figure>\n\n\n\n<p>V inkurajoi dhe fuqizoi aktivist\u00ebt q\u00eb t&#8217;i bashkohen p\u00ebrpjekjeve p\u00ebr t&#8217;i dh\u00ebn\u00eb fund patriarkatit, dhun\u00ebs ndaj grave dhe t\u00eb \u00ebnd\u00ebrrojn\u00eb dhe t\u00eb punojn\u00eb drejt bot\u00ebs s\u00eb re q\u00eb mund t\u00eb nd\u00ebrtojm\u00eb s\u00eb bashku.<\/p>\n\n\n\n<p>Ngjarja u organizua s\u00eb bashku nga Rrjeti i Grave t\u00eb Kosov\u00ebs dhe Artpolis me mb\u00ebshtetjen e Bibliotek\u00ebs Komb\u00ebtare.<\/p>\n\n\n\n<figure class=\"wp-block-image size-large\"><img loading=\"lazy\" decoding=\"async\" width=\"1024\" height=\"1024\" src=\"https:\/\/womensnetwork.org\/wp-content\/uploads\/2023\/11\/6-1024x1024.png\" alt=\"\" class=\"wp-image-3360937\" srcset=\"https:\/\/womensnetwork.org\/wp-content\/uploads\/2023\/11\/6-1024x1024.png 1024w, https:\/\/womensnetwork.org\/wp-content\/uploads\/2023\/11\/6-300x300.png 300w, https:\/\/womensnetwork.org\/wp-content\/uploads\/2023\/11\/6-150x150.png 150w, https:\/\/womensnetwork.org\/wp-content\/uploads\/2023\/11\/6-768x768.png 768w, https:\/\/womensnetwork.org\/wp-content\/uploads\/2023\/11\/6.png 1080w\" sizes=\"(max-width: 1024px) 100vw, 1024px\" \/><\/figure>\n","protected":false},"excerpt":{"rendered":"<p>T\u00eb mart\u00ebn n\u00eb mbr\u00ebmje (21 n\u00ebntor), aktivist\u00eb feminist\u00eb, gra dhe burra, u inspiruan n\u00eb Prishtin\u00eb nga V (e njohur m\u00eb par\u00eb si Eve Ensler), artiste, aktiviste dhe shkrimtare me fam\u00eb bot\u00ebrore, fituese e \u00e7mimeve t\u00eb ndryshme. Ajo ka folur se si arti e ka frym\u00ebzuar aktivizmin e saj. \u201cAjo q\u00eb m\u00eb motivoi \u00ebsht\u00eb zem\u00ebrimi dhe [&hellip;]<\/p>\n","protected":false},"author":12,"featured_media":3360944,"comment_status":"closed","ping_status":"closed","sticky":false,"template":"","format":"standard","meta":{"_FSMCFIC_featured_image_caption":"","_FSMCFIC_featured_image_nocaption":"","_FSMCFIC_featured_image_hide":"","footnotes":""},"categories":[58],"tags":[],"class_list":["post-3360924","post","type-post","status-publish","format-standard","has-post-thumbnail","hentry","category-lajme"],"acf":[],"_links":{"self":[{"href":"https:\/\/womensnetwork.org\/sq\/wp-json\/wp\/v2\/posts\/3360924","targetHints":{"allow":["GET"]}}],"collection":[{"href":"https:\/\/womensnetwork.org\/sq\/wp-json\/wp\/v2\/posts"}],"about":[{"href":"https:\/\/womensnetwork.org\/sq\/wp-json\/wp\/v2\/types\/post"}],"author":[{"embeddable":true,"href":"https:\/\/womensnetwork.org\/sq\/wp-json\/wp\/v2\/users\/12"}],"replies":[{"embeddable":true,"href":"https:\/\/womensnetwork.org\/sq\/wp-json\/wp\/v2\/comments?post=3360924"}],"version-history":[{"count":4,"href":"https:\/\/womensnetwork.org\/sq\/wp-json\/wp\/v2\/posts\/3360924\/revisions"}],"predecessor-version":[{"id":3366956,"href":"https:\/\/womensnetwork.org\/sq\/wp-json\/wp\/v2\/posts\/3360924\/revisions\/3366956"}],"wp:featuredmedia":[{"embeddable":true,"href":"https:\/\/womensnetwork.org\/sq\/wp-json\/wp\/v2\/media\/3360944"}],"wp:attachment":[{"href":"https:\/\/womensnetwork.org\/sq\/wp-json\/wp\/v2\/media?parent=3360924"}],"wp:term":[{"taxonomy":"category","embeddable":true,"href":"https:\/\/womensnetwork.org\/sq\/wp-json\/wp\/v2\/categories?post=3360924"},{"taxonomy":"post_tag","embeddable":true,"href":"https:\/\/womensnetwork.org\/sq\/wp-json\/wp\/v2\/tags?post=3360924"}],"curies":[{"name":"wp","href":"https:\/\/api.w.org\/{rel}","templated":true}]}}