{"id":3361062,"date":"2023-12-01T18:24:18","date_gmt":"2023-12-01T18:24:18","guid":{"rendered":"https:\/\/womensnetwork.org\/?p=3361062"},"modified":"2023-12-01T18:24:21","modified_gmt":"2023-12-01T18:24:21","slug":"rrgk-kerkon-qasje-te-drejte-te-zbardhjes-se-vrasjes-se-liridona-murselit","status":"publish","type":"post","link":"https:\/\/womensnetwork.org\/sq\/rrgk-kerkon-qasje-te-drejte-te-zbardhjes-se-vrasjes-se-liridona-murselit\/","title":{"rendered":"RrGK k\u00ebrkon qasje t\u00eb drejt\u00eb t\u00eb zbardhjes s\u00eb vrasjes s\u00eb Liridona Murselit"},"content":{"rendered":"\n<p>RrGK shpreh shqet\u00ebsimin q\u00eb edhe nj\u00eb rast i vrasjes s\u00eb gruas, dyshohet te jet\u00eb femicid<\/p>\n\n\n\n<p>Pas lajmit p\u00ebr arrestimin e bashk\u00ebshortit t\u00eb viktim\u00ebs Liridona Murselit, e vrar\u00eb m\u00eb 29 n\u00ebntor n\u00eb fshatin Sinidoll, af\u00ebr Prishtin\u00ebs, Rrjeti i Grave t\u00eb Kosov\u00ebs (RrGK) k\u00ebrkon q\u00eb hetimi i k\u00ebtij rasti t\u00eb trajtohet me urgjenc\u00eb dhe qasje t\u00eb drejt\u00eb p\u00ebr ta zbardhur k\u00ebt\u00eb tragjedi.<\/p>\n\n\n\n<p>RrGK k\u00ebrkon nga institucionet q\u00eb l\u00ebnda t\u00eb cil\u00ebsohet si \u201cVrasje e r\u00ebnd\u00eb\u201d dhe t\u00eb d\u00ebnohet konform Kodit Penal t\u00eb Republik\u00ebs s\u00eb Kosov\u00ebs.<\/p>\n\n\n\n<p>Ftojm\u00eb Qendr\u00ebn p\u00ebr Pun\u00eb Sociale q\u00eb t\u00eb angazhohet p\u00ebr t\u00eb siguruar mir\u00ebqenien e f\u00ebmij\u00ebve.<\/p>\n\n\n\n<p>RrGK k\u00ebrkon hetim t\u00eb k\u00ebtij rasti deri n\u00eb prov\u00ebn e fundit si dhe k\u00ebrkon d\u00ebnim maksimal ndaj t\u00eb akuzuarit.&nbsp; Gjithashtu, RrGK do t\u00eb monitoroj\u00eb reagimin instituconal ndaj k\u00ebtij rasti dhe ndaj t\u00eb gjitha rasteve t\u00eb dhun\u00ebs me baz\u00eb gjinore.&nbsp;<\/p>\n\n\n\n<p>RrGK mbetet e hapur ndaj bashk\u00ebpunimit dhe ndihm\u00ebs p\u00ebr viktimat e dhun\u00ebs me baz\u00eb gjinore p\u00ebrmes k\u00ebshillimit ligjor falas dhe referimit tek institucionet relevante. N\u00ebse keni nevoj\u00eb p\u00ebr ndihm\u00eb juridike falas p\u00ebr rastet e dhun\u00ebs me baz\u00eb gjinore, apo njihni dik\u00eb q\u00eb ka nevoj\u00eb, na kontaktoni n\u00eb numrin: 048 105 800.<\/p>\n","protected":false},"excerpt":{"rendered":"<p>RrGK shpreh shqet\u00ebsimin q\u00eb edhe nj\u00eb rast i vrasjes s\u00eb gruas, dyshohet te jet\u00eb femicid Pas lajmit p\u00ebr arrestimin e bashk\u00ebshortit t\u00eb viktim\u00ebs Liridona Murselit, e vrar\u00eb m\u00eb 29 n\u00ebntor n\u00eb fshatin Sinidoll, af\u00ebr Prishtin\u00ebs, Rrjeti i Grave t\u00eb Kosov\u00ebs (RrGK) k\u00ebrkon q\u00eb hetimi i k\u00ebtij rasti t\u00eb trajtohet me urgjenc\u00eb dhe qasje t\u00eb drejt\u00eb [&hellip;]<\/p>\n","protected":false},"author":12,"featured_media":3358274,"comment_status":"closed","ping_status":"closed","sticky":false,"template":"","format":"standard","meta":{"_FSMCFIC_featured_image_caption":"","_FSMCFIC_featured_image_nocaption":"","_FSMCFIC_featured_image_hide":"","footnotes":""},"categories":[82],"tags":[],"class_list":["post-3361062","post","type-post","status-publish","format-standard","has-post-thumbnail","hentry","category-deklaratat-per-shtyp"],"acf":[],"_links":{"self":[{"href":"https:\/\/womensnetwork.org\/sq\/wp-json\/wp\/v2\/posts\/3361062","targetHints":{"allow":["GET"]}}],"collection":[{"href":"https:\/\/womensnetwork.org\/sq\/wp-json\/wp\/v2\/posts"}],"about":[{"href":"https:\/\/womensnetwork.org\/sq\/wp-json\/wp\/v2\/types\/post"}],"author":[{"embeddable":true,"href":"https:\/\/womensnetwork.org\/sq\/wp-json\/wp\/v2\/users\/12"}],"replies":[{"embeddable":true,"href":"https:\/\/womensnetwork.org\/sq\/wp-json\/wp\/v2\/comments?post=3361062"}],"version-history":[{"count":2,"href":"https:\/\/womensnetwork.org\/sq\/wp-json\/wp\/v2\/posts\/3361062\/revisions"}],"predecessor-version":[{"id":3361067,"href":"https:\/\/womensnetwork.org\/sq\/wp-json\/wp\/v2\/posts\/3361062\/revisions\/3361067"}],"wp:featuredmedia":[{"embeddable":true,"href":"https:\/\/womensnetwork.org\/sq\/wp-json\/wp\/v2\/media\/3358274"}],"wp:attachment":[{"href":"https:\/\/womensnetwork.org\/sq\/wp-json\/wp\/v2\/media?parent=3361062"}],"wp:term":[{"taxonomy":"category","embeddable":true,"href":"https:\/\/womensnetwork.org\/sq\/wp-json\/wp\/v2\/categories?post=3361062"},{"taxonomy":"post_tag","embeddable":true,"href":"https:\/\/womensnetwork.org\/sq\/wp-json\/wp\/v2\/tags?post=3361062"}],"curies":[{"name":"wp","href":"https:\/\/api.w.org\/{rel}","templated":true}]}}