{"id":3361802,"date":"2024-03-06T11:18:49","date_gmt":"2024-03-06T11:18:49","guid":{"rendered":"https:\/\/womensnetwork.org\/?p=3361802"},"modified":"2024-06-07T10:03:08","modified_gmt":"2024-06-07T10:03:08","slug":"kfor-i-rrgk-ja-diskutojne-per-bashkepunim-te-metejshem","status":"publish","type":"post","link":"https:\/\/womensnetwork.org\/sq\/kfor-i-rrgk-ja-diskutojne-per-bashkepunim-te-metejshem\/","title":{"rendered":"KFOR-i, RrGK-ja Diskutojn\u00eb p\u00ebr Bashk\u00ebpunim t\u00eb M\u00ebtejsh\u00ebm"},"content":{"rendered":"\n<p>M\u00eb 16 shkurt, Rrjeti i Grave t\u00eb Kosov\u00ebs (RrGK) mir\u00ebpriti nj\u00eb delegacion t\u00eb k\u00ebshilltar\u00ebve gjinor\u00eb nga shtabi i Forcave t\u00eb Kosov\u00ebs (KFOR) t\u00eb Organizat\u00ebs s\u00eb Traktatit t\u00eb Atlantikut t\u00eb Veriut (NATO) n\u00eb zyr\u00ebn e RrGK. Ata diskutuan se si KFOR-i dhe RrGK mund t\u00eb organizojn\u00eb prezantime hyr\u00ebse nga aktivistet p\u00ebr t\u00eb drejtat e grave p\u00ebr trupat paqeruajt\u00ebse q\u00eb mb\u00ebrrijn\u00eb n\u00eb Kosov\u00eb \u00e7do gjasht\u00eb muaj. Duke u mb\u00ebshtetur n\u00eb nj\u00eb praktik\u00eb t\u00eb ngjashme pozitive n\u00eb t\u00eb kaluar\u00ebn, kjo do t\u00eb ofronte mund\u00ebsin\u00eb q\u00eb trupat e ardhshme t\u00eb d\u00ebgjojn\u00eb drejtp\u00ebrdrejt nga aktivist\u00ebt e t\u00eb drejtave t\u00eb grave p\u00ebr situat\u00ebn n\u00eb Kosov\u00eb dhe \u00e7\u00ebshtjet kryesore t\u00eb barazis\u00eb gjinore. N\u00eb p\u00ebrputhje me Rezolut\u00ebn 1325 t\u00eb K\u00ebshillit t\u00eb Sigurimit t\u00eb Kombeve t\u00eb Bashkuara p\u00ebr Grat\u00eb, Paqen dhe Sigurin\u00eb, kjo mund t\u00eb nd\u00ebrtoj\u00eb marr\u00ebdh\u00ebnie midis trupave dhe aktivist\u00ebve si dhe t\u00eb siguroj\u00eb q\u00eb z\u00ebrat e grave t\u00eb d\u00ebgjohen n\u00eb operacionet paqeruajt\u00ebse. RrGK gjithashtu sugjeroi q\u00eb k\u00ebshilltar\u00ebt gjinor\u00eb t\u00eb KFOR-it t\u00eb takohen me njer\u00ebz t\u00eb ndrysh\u00ebm jasht\u00eb Prishtin\u00ebs p\u00ebr t\u00eb kuptuar m\u00eb mir\u00eb situat\u00ebn dhe nevojat e tyre t\u00eb siguris\u00eb. P\u00ebrve\u00e7 k\u00ebsaj, ata diskutuan reflektimet e Drejtoresh\u00ebs Ekzekutive t\u00eb RrGK, Igballe Rogova nga Paneli Nd\u00ebrkomb\u00ebtar K\u00ebshillues i Shoq\u00ebris\u00eb Civile t\u00eb NATO-s, ku ajo \u00ebsht\u00eb an\u00ebtare.<\/p>\n","protected":false},"excerpt":{"rendered":"<p>M\u00eb 16 shkurt, Rrjeti i Grave t\u00eb Kosov\u00ebs (RrGK) mir\u00ebpriti nj\u00eb delegacion t\u00eb k\u00ebshilltar\u00ebve gjinor\u00eb nga shtabi i Forcave t\u00eb Kosov\u00ebs (KFOR) t\u00eb Organizat\u00ebs s\u00eb Traktatit t\u00eb Atlantikut t\u00eb Veriut (NATO) n\u00eb zyr\u00ebn e RrGK. Ata diskutuan se si KFOR-i dhe RrGK mund t\u00eb organizojn\u00eb prezantime hyr\u00ebse nga aktivistet p\u00ebr t\u00eb drejtat e grave p\u00ebr [&hellip;]<\/p>\n","protected":false},"author":16,"featured_media":3362398,"comment_status":"closed","ping_status":"closed","sticky":false,"template":"","format":"standard","meta":{"_FSMCFIC_featured_image_caption":"","_FSMCFIC_featured_image_nocaption":"","_FSMCFIC_featured_image_hide":"","footnotes":""},"categories":[58],"tags":[],"class_list":["post-3361802","post","type-post","status-publish","format-standard","has-post-thumbnail","hentry","category-lajme"],"acf":[],"_links":{"self":[{"href":"https:\/\/womensnetwork.org\/sq\/wp-json\/wp\/v2\/posts\/3361802","targetHints":{"allow":["GET"]}}],"collection":[{"href":"https:\/\/womensnetwork.org\/sq\/wp-json\/wp\/v2\/posts"}],"about":[{"href":"https:\/\/womensnetwork.org\/sq\/wp-json\/wp\/v2\/types\/post"}],"author":[{"embeddable":true,"href":"https:\/\/womensnetwork.org\/sq\/wp-json\/wp\/v2\/users\/16"}],"replies":[{"embeddable":true,"href":"https:\/\/womensnetwork.org\/sq\/wp-json\/wp\/v2\/comments?post=3361802"}],"version-history":[{"count":1,"href":"https:\/\/womensnetwork.org\/sq\/wp-json\/wp\/v2\/posts\/3361802\/revisions"}],"predecessor-version":[{"id":3361803,"href":"https:\/\/womensnetwork.org\/sq\/wp-json\/wp\/v2\/posts\/3361802\/revisions\/3361803"}],"wp:featuredmedia":[{"embeddable":true,"href":"https:\/\/womensnetwork.org\/sq\/wp-json\/wp\/v2\/media\/3362398"}],"wp:attachment":[{"href":"https:\/\/womensnetwork.org\/sq\/wp-json\/wp\/v2\/media?parent=3361802"}],"wp:term":[{"taxonomy":"category","embeddable":true,"href":"https:\/\/womensnetwork.org\/sq\/wp-json\/wp\/v2\/categories?post=3361802"},{"taxonomy":"post_tag","embeddable":true,"href":"https:\/\/womensnetwork.org\/sq\/wp-json\/wp\/v2\/tags?post=3361802"}],"curies":[{"name":"wp","href":"https:\/\/api.w.org\/{rel}","templated":true}]}}