{"id":3363661,"date":"2024-10-30T10:50:55","date_gmt":"2024-10-30T10:50:55","guid":{"rendered":"https:\/\/womensnetwork.org\/?p=3363661"},"modified":"2024-10-30T10:51:07","modified_gmt":"2024-10-30T10:51:07","slug":"rrgk-gjate-tetorit-ne-solidaritet-me-grate-e-prekura-nga-kanceri","status":"publish","type":"post","link":"https:\/\/womensnetwork.org\/sq\/rrgk-gjate-tetorit-ne-solidaritet-me-grate-e-prekura-nga-kanceri\/","title":{"rendered":"RrGK gjat\u00eb tetorit n\u00eb solidaritet me grat\u00eb e prekura nga kanceri\u00a0"},"content":{"rendered":"\n<p>Stafi i Rrjetit t\u00eb Grave t\u00eb Kosov\u00ebs (RrGK) \u00ebsht\u00eb solidarizuar me grat\u00eb e prekura nga kanceri gjat\u00eb gjith\u00eb muajit tetor.&nbsp;<\/p>\n\n\n\n<p>N\u00eb p\u00ebrballjen e tyre t\u00eb p\u00ebrditshme, \u00e7do dit\u00eb \u00ebsht\u00eb nj\u00eb betej\u00eb e re. \u00c7do lajm i papritur, \u00e7do trajtim i v\u00ebshtir\u00eb dhe \u00e7do dhimbje e r\u00ebnd\u00eb jan\u00eb sfida q\u00eb ato p\u00ebrballojn\u00eb me forc\u00eb t\u00eb jasht\u00ebzakonshme. Kanceri nuk \u00ebsht\u00eb thjesht nj\u00eb s\u00ebmundje \u2013 ai prek trupin, zemr\u00ebn dhe shpirtin, duke ndryshuar gjith\u00e7ka p\u00ebrreth tyre. Megjithat\u00eb, ato vazhdojn\u00eb t\u00eb q\u00ebndrojn\u00eb t\u00eb forta dhe t\u00eb na frym\u00ebzojn\u00eb t\u00eb gjithave me kuraj\u00ebn e tyre.&nbsp;<\/p>\n\n\n\n<p>N\u00eb nj\u00eb t\u00eb mart\u00eb, kur ne sh\u00ebnuam fushat\u00ebn \u201cK\u00ebpuc\u00ebt e Kuqe\u201d, u solidarizuam me t\u00eb gjitha duke v\u00ebn\u00eb secila nga nj\u00eb fjongo roz\u00eb dhe duke p\u00ebr\u00e7uar mesazh. Ne i mb\u00ebshtet\u00ebm ato q\u00eb p\u00ebrballen me frik\u00ebn, ankthin dhe pasigurin\u00eb, por q\u00eb gjithsesi gjejn\u00eb forc\u00eb t\u00eb buz\u00ebqeshin, t\u00eb p\u00ebrqafojn\u00eb t\u00eb dashurit e tyre dhe t\u00eb shpresojn\u00eb p\u00ebr dit\u00eb m\u00eb t\u00eb mira.&nbsp;<\/p>\n\n\n\n<p>\u201cKujdesuni p\u00ebr veten! Shkoni p\u00ebr kontrolle t\u00eb rregullta, mos e neglizhoni sh\u00ebndetin tuaj. Nj\u00eb kontroll i hersh\u00ebm mund t\u2019ua shp\u00ebtoj\u00eb jet\u00ebn, mund t\u00eb sjell\u00eb m\u00eb shum\u00eb dit\u00eb pran\u00eb f\u00ebmij\u00ebve tuaj, m\u00eb shum\u00eb kujtime t\u00eb lumtura me ata q\u00eb i doni. N\u00eb k\u00ebt\u00eb rrug\u00ebtim t\u00eb v\u00ebshtir\u00eb, asnj\u00eb grua nuk \u00ebsht\u00eb vet\u00ebm. Jemi t\u00eb gjitha bashk\u00eb derisa t\u00eb fitohet \u00e7do betej\u00eb, dhe bashk\u00eb&#8230;\u00ebnd\u00ebrrojm\u00eb p\u00ebr nj\u00eb t\u00eb ardhme ku dhimbja t\u00eb jet\u00eb m\u00eb e vog\u00ebl dhe shpresa m\u00eb e madhe\u201d, kjo ishte nj\u00eb nd\u00ebr thirrjet tona.&nbsp;<\/p>\n\n\n\n<p>RrGK iu bashkua edhe manifestimit tradicional \u201cEcja Simbolike\u201d, organizuar nga Qendra Kosovare p\u00ebr Luftimin e Kancerit t\u00eb Gjirit \u201cJeta\/Vita\u201d, n\u00eb bashk\u00ebpunim me Presidenc\u00ebn e Kosov\u00ebs, n\u00eb kuad\u00ebr t\u00eb Muajit Nd\u00ebrkomb\u00ebtar t\u00eb Luft\u00ebs Kund\u00ebr Kancerit t\u00eb Gjirit. Ky aktivitet u mbajt n\u00eb sheshin \u201cIbrahim Rugova\u201d n\u00eb Prishtin\u00eb dhe p\u00ebrfundoi n\u00eb sheshin \u201cZahir Pajaziti\u201d, duke mbledhur bashk\u00eb qytetar\u00eb t\u00eb shumt\u00eb q\u00eb p\u00ebrkrah\u00ebn k\u00ebt\u00eb kauz\u00eb.\u00a0<\/p>\n\n\n\n<figure class=\"wp-block-image size-large\"><img fetchpriority=\"high\" decoding=\"async\" width=\"1024\" height=\"683\" src=\"https:\/\/womensnetwork.org\/wp-content\/uploads\/2024\/10\/foto-tetori-roy-ecja-kwn-1024x683.jpg\" alt=\"\" class=\"wp-image-3363665\" srcset=\"https:\/\/womensnetwork.org\/wp-content\/uploads\/2024\/10\/foto-tetori-roy-ecja-kwn-1024x683.jpg 1024w, https:\/\/womensnetwork.org\/wp-content\/uploads\/2024\/10\/foto-tetori-roy-ecja-kwn-300x200.jpg 300w, https:\/\/womensnetwork.org\/wp-content\/uploads\/2024\/10\/foto-tetori-roy-ecja-kwn-768x512.jpg 768w, https:\/\/womensnetwork.org\/wp-content\/uploads\/2024\/10\/foto-tetori-roy-ecja-kwn-1536x1024.jpg 1536w, https:\/\/womensnetwork.org\/wp-content\/uploads\/2024\/10\/foto-tetori-roy-ecja-kwn.jpg 2048w\" sizes=\"(max-width: 1024px) 100vw, 1024px\" \/><\/figure>\n\n\n\n<p>Si \u00e7do vit, RrGK mori pjes\u00eb aktivisht p\u00ebr t\u00eb rritur nd\u00ebrgjegj\u00ebsimin rreth kancerit t\u00eb gjirit dhe p\u00ebr t\u00eb inkurajuar diagnostikimin e hersh\u00ebm, i cili shp\u00ebton jet\u00eb. Ky aktivitet simbolik p\u00ebrcolli mesazhin e p\u00ebrbashk\u00ebt p\u00ebr t\u00eb gjith\u00eb shoq\u00ebrin\u00eb: t\u00eb angazhohet n\u00eb luft\u00ebn kund\u00ebr kancerit dhe t\u00eb ofroj\u00eb mb\u00ebshtetje p\u00ebr grat\u00eb e prekura.&nbsp;<\/p>\n\n\n\n<p>P\u00ebrve\u00e7 k\u00ebsaj, stafi i RrGK mori pjes\u00eb n\u00eb nj\u00eb ligj\u00ebrat\u00eb nga doktoresha Sabahate Lleshi, e cila foli p\u00ebr parandalimin e kancerit t\u00eb gjirit dhe r\u00ebnd\u00ebsin\u00eb e kontrolleve t\u00eb rregullta mjek\u00ebsore.&nbsp;<\/p>\n","protected":false},"excerpt":{"rendered":"<p>Stafi i Rrjetit t\u00eb Grave t\u00eb Kosov\u00ebs (RrGK) \u00ebsht\u00eb solidarizuar me grat\u00eb e prekura nga kanceri gjat\u00eb gjith\u00eb muajit tetor.&nbsp; N\u00eb p\u00ebrballjen e tyre t\u00eb p\u00ebrditshme, \u00e7do dit\u00eb \u00ebsht\u00eb nj\u00eb betej\u00eb e re. \u00c7do lajm i papritur, \u00e7do trajtim i v\u00ebshtir\u00eb dhe \u00e7do dhimbje e r\u00ebnd\u00eb jan\u00eb sfida q\u00eb ato p\u00ebrballojn\u00eb me forc\u00eb t\u00eb jasht\u00ebzakonshme. [&hellip;]<\/p>\n","protected":false},"author":4,"featured_media":3363662,"comment_status":"closed","ping_status":"closed","sticky":false,"template":"","format":"standard","meta":{"_FSMCFIC_featured_image_caption":"","_FSMCFIC_featured_image_nocaption":"","_FSMCFIC_featured_image_hide":"","footnotes":""},"categories":[58],"tags":[],"class_list":["post-3363661","post","type-post","status-publish","format-standard","has-post-thumbnail","hentry","category-lajme"],"acf":[],"_links":{"self":[{"href":"https:\/\/womensnetwork.org\/sq\/wp-json\/wp\/v2\/posts\/3363661","targetHints":{"allow":["GET"]}}],"collection":[{"href":"https:\/\/womensnetwork.org\/sq\/wp-json\/wp\/v2\/posts"}],"about":[{"href":"https:\/\/womensnetwork.org\/sq\/wp-json\/wp\/v2\/types\/post"}],"author":[{"embeddable":true,"href":"https:\/\/womensnetwork.org\/sq\/wp-json\/wp\/v2\/users\/4"}],"replies":[{"embeddable":true,"href":"https:\/\/womensnetwork.org\/sq\/wp-json\/wp\/v2\/comments?post=3363661"}],"version-history":[{"count":1,"href":"https:\/\/womensnetwork.org\/sq\/wp-json\/wp\/v2\/posts\/3363661\/revisions"}],"predecessor-version":[{"id":3363668,"href":"https:\/\/womensnetwork.org\/sq\/wp-json\/wp\/v2\/posts\/3363661\/revisions\/3363668"}],"wp:featuredmedia":[{"embeddable":true,"href":"https:\/\/womensnetwork.org\/sq\/wp-json\/wp\/v2\/media\/3363662"}],"wp:attachment":[{"href":"https:\/\/womensnetwork.org\/sq\/wp-json\/wp\/v2\/media?parent=3363661"}],"wp:term":[{"taxonomy":"category","embeddable":true,"href":"https:\/\/womensnetwork.org\/sq\/wp-json\/wp\/v2\/categories?post=3363661"},{"taxonomy":"post_tag","embeddable":true,"href":"https:\/\/womensnetwork.org\/sq\/wp-json\/wp\/v2\/tags?post=3363661"}],"curies":[{"name":"wp","href":"https:\/\/api.w.org\/{rel}","templated":true}]}}