{"id":3364337,"date":"2025-01-31T13:17:00","date_gmt":"2025-01-31T13:17:00","guid":{"rendered":"https:\/\/womensnetwork.org\/?p=3364337"},"modified":"2025-01-31T13:17:06","modified_gmt":"2025-01-31T13:17:06","slug":"analiza-gjinore-e-paqes-dhe-sigurise-synon-te-informoje-programet-dhe-politikat","status":"publish","type":"post","link":"https:\/\/womensnetwork.org\/sq\/analiza-gjinore-e-paqes-dhe-sigurise-synon-te-informoje-programet-dhe-politikat\/","title":{"rendered":"Analiza Gjinore e Paqes dhe Siguris\u00eb synon t\u00eb informoj\u00eb Programet dhe Politikat"},"content":{"rendered":"\n<p>Zyra e Bashkimit Evropian (BE) n\u00eb Kosov\u00eb ka kontraktuar Rrjetin e Grave t\u00eb Kosov\u00ebs (RrGK) p\u00ebr t\u00eb kryer nj\u00eb Analiz\u00eb Gjinore t\u00eb Paqes dhe Siguris\u00eb n\u00eb Kosov\u00eb, me q\u00ebllim t\u00eb informimit t\u00eb zbatimit t\u00eb angazhimeve t\u00eb BE-s\u00eb p\u00ebr grat\u00eb, paqen dhe sigurin\u00eb n\u00eb veprimet e saj t\u00eb jashtme. Analiza, e cila do t\u00eb zhvillohet nga dhjetori 2024 deri n\u00eb qershor 2025, synon t\u00eb kontribuoj\u00eb n\u00eb hartimin e nj\u00eb plani t\u00eb veprimit konkret p\u00ebr politikat dhe programet e BE-s\u00eb n\u00eb Kosov\u00eb.&nbsp;<\/p>\n\n\n\n<p>K\u00ebrkimi do t\u00eb trajtoj\u00eb pyetje t\u00eb tilla si:&nbsp;<\/p>\n\n\n\n<ul class=\"wp-block-list\">\n<li>Sa gjith\u00ebp\u00ebrfshir\u00ebs dhe i ndjesh\u00ebm ndaj dimensionit gjinor \u00ebsht\u00eb kuadri ligjor i Kosov\u00ebs n\u00eb lidhje me paqen dhe sigurin\u00eb, dhe si mund t\u00eb p\u00ebrmir\u00ebsohet dhe zbatohet m\u00eb mir\u00eb?&nbsp;<\/li>\n<\/ul>\n\n\n\n<ul class=\"wp-block-list\">\n<li>Cilat jan\u00eb shkaqet dhe pasojat gjinore t\u00eb konfliktit n\u00eb Kosov\u00eb?&nbsp;<\/li>\n<\/ul>\n\n\n\n<ul class=\"wp-block-list\">\n<li>Si ndikojn\u00eb pabarazit\u00eb gjinore dhe marr\u00ebdh\u00ebniet e pushtetit n\u00eb sfidat e paqes dhe siguris\u00eb?&nbsp;<\/li>\n<\/ul>\n\n\n\n<ul class=\"wp-block-list\">\n<li>Sa gjith\u00ebp\u00ebrfshir\u00ebse dhe t\u00eb ndjeshme ndaj dimensionit gjinor kan\u00eb qen\u00eb aktivitetet e m\u00ebparshme dhe t\u00eb tanishme p\u00ebr parandalimin, nd\u00ebrtimin e paqes dhe stabilizimin?&nbsp;<\/li>\n<\/ul>\n\n\n\n<ul class=\"wp-block-list\">\n<li>\u00c7far\u00eb hapash politik\u00eb dhe programor\u00eb mund t\u00eb nd\u00ebrmarr\u00eb BE-ja p\u00ebr t\u00eb siguruar nj\u00eb p\u00ebrgjigje m\u00eb efektive, gjith\u00ebp\u00ebrfshir\u00ebse, t\u00eb ndjeshme ndaj dimensionit gjinor, t\u00eb ndjeshme ndaj konfliktit dhe t\u00eb q\u00ebndrueshme n\u00eb ndihm\u00ebn e saj aktuale dhe t\u00eb ardhshme?&nbsp;<\/li>\n<\/ul>\n\n\n\n<p>K\u00ebrkimi do t\u00eb p\u00ebrfshij\u00eb analiz\u00ebn e p\u00ebrmbajtjes, intervista dhe grupe fokusi me gra dhe burra t\u00eb ndrysh\u00ebm n\u00eb Kosov\u00eb. RrGK-ja do t\u00eb mb\u00ebshtetet n\u00eb p\u00ebrvoj\u00ebn e saj t\u00eb gjer\u00eb n\u00eb kryerjen e hulumtimeve t\u00eb ngjashme, duke siguruar nj\u00eb proces k\u00ebrkimor pjes\u00ebmarr\u00ebs dhe gjith\u00ebp\u00ebrfshir\u00ebs q\u00eb angazhon akter\u00eb t\u00eb ndrysh\u00ebm, p\u00ebrfshir\u00eb qeverin\u00eb, shoq\u00ebrin\u00eb civile, organizatat nd\u00ebrkomb\u00ebtare dhe grupet e margjinalizuara. RrGK po p\u00ebrdor nj\u00eb qasje t\u00eb ndjeshme ndaj konfliktit, duke siguruar p\u00ebrzgjedhjen e vendeve t\u00eb sigurta, komunikim t\u00eb ndjesh\u00ebm dhe mbrojtje t\u00eb pjes\u00ebmarr\u00ebsve n\u00eb k\u00ebrkim, n\u00eb p\u00ebrputhje me standardet etike nd\u00ebrkomb\u00ebtarisht t\u00eb njohura. P\u00ebr m\u00eb tep\u00ebr, qasja nd\u00ebrsektoriale e RrGK-s\u00eb merr n\u00eb konsiderat\u00eb pengesat q\u00eb nd\u00ebrthuren me gjinin\u00eb, etnin\u00eb, vendndodhjen, mosh\u00ebn, aft\u00ebsin\u00eb e kufizuar, statusin socio-ekonomik dhe faktor\u00eb t\u00eb tjer\u00eb.&nbsp;<\/p>\n\n\n\n<p>P\u00ebrmes k\u00ebsaj Analize, BE-ja dhe RrGK-ja synojn\u00eb gjithashtu t\u00eb informojn\u00eb qeverin\u00eb, akter\u00ebt nd\u00ebrkomb\u00ebtar\u00eb dhe p\u00ebrpjekjet e shoq\u00ebris\u00eb civile n\u00eb Kosov\u00eb p\u00ebr nj\u00eb qasje m\u00eb t\u00eb ndjeshme ndaj konfliktit dhe dimensionit gjinor, e cila synon t\u00eb adresoj\u00eb nevojat e grave, burrave, vajzave dhe djemve t\u00eb ndrysh\u00ebm.\u00a0<\/p>\n","protected":false},"excerpt":{"rendered":"<p>Zyra e Bashkimit Evropian (BE) n\u00eb Kosov\u00eb ka kontraktuar Rrjetin e Grave t\u00eb Kosov\u00ebs (RrGK) p\u00ebr t\u00eb kryer nj\u00eb Analiz\u00eb Gjinore t\u00eb Paqes dhe Siguris\u00eb n\u00eb Kosov\u00eb, me q\u00ebllim t\u00eb informimit t\u00eb zbatimit t\u00eb angazhimeve t\u00eb BE-s\u00eb p\u00ebr grat\u00eb, paqen dhe sigurin\u00eb n\u00eb veprimet e saj t\u00eb jashtme. Analiza, e cila do t\u00eb zhvillohet nga [&hellip;]<\/p>\n","protected":false},"author":4,"featured_media":3364338,"comment_status":"closed","ping_status":"closed","sticky":false,"template":"","format":"standard","meta":{"_FSMCFIC_featured_image_caption":"","_FSMCFIC_featured_image_nocaption":"","_FSMCFIC_featured_image_hide":"","footnotes":""},"categories":[58],"tags":[],"class_list":["post-3364337","post","type-post","status-publish","format-standard","has-post-thumbnail","hentry","category-lajme"],"acf":[],"_links":{"self":[{"href":"https:\/\/womensnetwork.org\/sq\/wp-json\/wp\/v2\/posts\/3364337","targetHints":{"allow":["GET"]}}],"collection":[{"href":"https:\/\/womensnetwork.org\/sq\/wp-json\/wp\/v2\/posts"}],"about":[{"href":"https:\/\/womensnetwork.org\/sq\/wp-json\/wp\/v2\/types\/post"}],"author":[{"embeddable":true,"href":"https:\/\/womensnetwork.org\/sq\/wp-json\/wp\/v2\/users\/4"}],"replies":[{"embeddable":true,"href":"https:\/\/womensnetwork.org\/sq\/wp-json\/wp\/v2\/comments?post=3364337"}],"version-history":[{"count":1,"href":"https:\/\/womensnetwork.org\/sq\/wp-json\/wp\/v2\/posts\/3364337\/revisions"}],"predecessor-version":[{"id":3364341,"href":"https:\/\/womensnetwork.org\/sq\/wp-json\/wp\/v2\/posts\/3364337\/revisions\/3364341"}],"wp:featuredmedia":[{"embeddable":true,"href":"https:\/\/womensnetwork.org\/sq\/wp-json\/wp\/v2\/media\/3364338"}],"wp:attachment":[{"href":"https:\/\/womensnetwork.org\/sq\/wp-json\/wp\/v2\/media?parent=3364337"}],"wp:term":[{"taxonomy":"category","embeddable":true,"href":"https:\/\/womensnetwork.org\/sq\/wp-json\/wp\/v2\/categories?post=3364337"},{"taxonomy":"post_tag","embeddable":true,"href":"https:\/\/womensnetwork.org\/sq\/wp-json\/wp\/v2\/tags?post=3364337"}],"curies":[{"name":"wp","href":"https:\/\/api.w.org\/{rel}","templated":true}]}}