{"id":3367929,"date":"2026-04-28T12:55:27","date_gmt":"2026-04-28T12:55:27","guid":{"rendered":"https:\/\/womensnetwork.org\/?p=3367929"},"modified":"2026-04-28T12:55:28","modified_gmt":"2026-04-28T12:55:28","slug":"rrgk-publikon-dokumentin-e-politikave-duke-kerkuar-njohjen-dhe-mbrojtjen-e-asistenteve-personale-per-personat-me-aftesi-te-kufizuara","status":"publish","type":"post","link":"https:\/\/womensnetwork.org\/sq\/rrgk-publikon-dokumentin-e-politikave-duke-kerkuar-njohjen-dhe-mbrojtjen-e-asistenteve-personale-per-personat-me-aftesi-te-kufizuara\/","title":{"rendered":"RrGK publikon dokumentin e politikave duke k\u00ebrkuar njohjen dhe mbrojtjen e asistent\u00ebve personal\u00eb p\u00ebr personat me aft\u00ebsi t\u00eb kufizuara"},"content":{"rendered":"\n<p>M\u00eb 28 prill, Rrjeti i Grave t\u00eb Kosov\u00ebs (RrGK), s\u00eb bashku me partner\u00ebt e saj Organizata e Personave me Distrofi Muskulare t\u00eb Kosov\u00ebs (OPDMK) dhe Ruka Ruci (RR), lansoi dokumentin e politikave \u201c<a href=\"https:\/\/womensnetwork.org\/wp-content\/uploads\/2026\/04\/Te-papaguar-dhe-te-pambrojtur-Asistentet-personale-mbajne-barren-e-kujdesit-per-personat-me-aftesi-te-kufizuara.pdf\">T\u00eb papaguar dhe t\u00eb pambrojtur: Asistent\u00ebt personal\u00eb mbajn\u00eb barr\u00ebn e kujdesit p\u00ebr personat me aft\u00ebsi t\u00eb kufizuara<\/a>\u201d, n\u00eb kuad\u00ebr t\u00eb projektit t\u00eb financuar nga Bashkimi Evropian \u201cP\u00ebrmir\u00ebsimi i Kapaciteteve t\u00eb Shoq\u00ebris\u00eb Civile p\u00ebr t\u00eb Rritur Qasjen n\u00eb Mbrojtje Sociale Cil\u00ebsore p\u00ebr Gra dhe Burra t\u00eb Ndrysh\u00ebm.\u201d<\/p>\n\n\n\n<p>Ngjarja e lansimit, e mbajtur n\u00eb Europe House, sh\u00ebnoi Dit\u00ebn Bot\u00ebrore p\u00ebr Siguri dhe Sh\u00ebndet n\u00eb Pun\u00eb, duke t\u00ebrhequr v\u00ebmendjen ndaj kushteve shpesh t\u00eb neglizhuara dhe t\u00eb parregulluara t\u00eb pun\u00ebs s\u00eb asistent\u00ebve personal\u00eb, t\u00eb cil\u00ebt ofrojn\u00eb kujdes thelb\u00ebsor p\u00ebr personat me aft\u00ebsi t\u00eb kufizuara.<\/p>\n\n\n\n<p>Dokumenti i politikave paraqet gjetjet kryesore nga hulumtimi i zhvilluar me nj\u00eb gam\u00eb t\u00eb gjer\u00eb akter\u00ebsh, p\u00ebrfshir\u00eb asistent\u00eb personal\u00eb, organizata t\u00eb personave me aft\u00ebsi t\u00eb kufizuara dhe p\u00ebrfaq\u00ebsues institucional\u00eb. Hulumtimi siguroi p\u00ebrfshirjen e komuniteteve t\u00eb ndryshme, p\u00ebrfshir\u00eb komunitetin serb p\u00ebrmes partneritetit me Ruka Ruci, si dhe komunitetet rom, ashkali dhe egjiptian p\u00ebrmes bashk\u00ebpunimit me Rrjetin e Organizatave t\u00eb Grave Rome, Ashkali dhe Egjiptiane t\u00eb Kosov\u00ebs (RROGRAEK).<\/p>\n\n\n\n<p>Duke hapur ngjarjen, Reyes Charle Cuellar, K\u00ebshilltare p\u00ebr Barazi Gjinore n\u00eb Zyr\u00ebn e Bashkimit Evropian n\u00eb Kosov\u00eb, theksoi r\u00ebnd\u00ebsin\u00eb e sistemeve gjith\u00ebp\u00ebrfshir\u00ebse dhe gjinore t\u00eb p\u00ebrgjegjshme t\u00eb mbrojtjes sociale, duke n\u00ebnvizuar mb\u00ebshtetjen e vazhdueshme t\u00eb BE-s\u00eb p\u00ebr forcimin e angazhimit t\u00eb shoq\u00ebris\u00eb civile n\u00eb hartimin dhe zbatimin e politikave.<\/p>\n\n\n\n<p><em>\u201cStrategjia Evropiane p\u00ebr Kujdesin synon q\u00eb puna e kujdesit t\u00eb vler\u00ebsohet, t\u00eb mb\u00ebshtetet si\u00e7 duhet dhe t\u00eb shp\u00ebrblehet n\u00eb m\u00ebnyr\u00eb t\u00eb drejt\u00eb. Puna e grave, pasi shumica d\u00ebrrmuese jan\u00eb gra q\u00eb kujdesen p\u00ebr burra, gra dhe f\u00ebmij\u00eb me aft\u00ebsi t\u00eb kufizuara, duhet t\u00eb njihet dhe t\u00eb rregullohet. Ky duhet t\u00eb jet\u00eb nj\u00eb element ky\u00e7 brenda sistemit gjith\u00ebp\u00ebrfshir\u00ebs t\u00eb mbrojtjes sociale, t\u00eb cilin Bashkimi Evropian po e mb\u00ebshtet Kosov\u00ebn ta zhvilloj\u00eb,\u201d<\/em> tha Reyes Charle Cuellar.<\/p>\n\n\n\n<p>Nd\u00ebrsa, Maria Berishaj, An\u00ebtare e Bordit t\u00eb RrGK, n\u00eb fjalimin e saj u shpreh <em>\u201cPuna e papaguar e kujdesit e kryer nga grat\u00eb mban shoq\u00ebrit\u00eb tona, megjithat\u00eb vazhdon t\u00eb mbetet kryesisht e padukshme dhe e n\u00ebnvler\u00ebsuar. Njohja dhe mb\u00ebshtetja e kujdestareve t\u00eb personave me aft\u00ebsi t\u00eb kufizuara nuk \u00ebsht\u00eb vet\u00ebm \u00e7\u00ebshtje e barazis\u00eb gjinore, por edhe e nd\u00ebrtimit t\u00eb nj\u00eb shoq\u00ebrie m\u00eb t\u00eb drejt\u00eb p\u00ebr t\u00eb gjith\u00eb\u201d<\/em>.<\/p>\n\n\n\n<p>Hulumtuesja e RrGK-s\u00eb, Mirjeta Ademi, prezantoi gjetjet kryesore, duke theksuar boshll\u00ebqe t\u00eb konsiderueshme n\u00eb njohjen ligjore, kushtet e pun\u00ebs dhe qasjen n\u00eb mbrojtje sociale p\u00ebr asistent\u00ebt personal\u00eb n\u00eb Kosov\u00eb, si dhe rekomandimet kryesore nga dokumenti i politikave. K\u00ebto p\u00ebrfshijn\u00eb:<\/p>\n\n\n\n<ul class=\"wp-block-list\">\n<li>Sigurimin q\u00eb ligji i ardhsh\u00ebm gjith\u00ebp\u00ebrfshir\u00ebs t\u00eb njoh\u00eb qart\u00eb asistent\u00ebt personal\u00eb si punonj\u00ebs formal\u00eb, duke k\u00ebrkuar kontrata t\u00eb detyrueshme me shkrim, kontribute pensionale, sigurim sh\u00ebndet\u00ebsor, orar t\u00eb rregulluar t\u00eb pun\u00ebs dhe mbrojtje p\u00ebr pun\u00ebn jasht\u00eb orarit.<\/li>\n\n\n\n<li>Rritjen e mb\u00ebshtetjes financiare p\u00ebr asistent\u00ebt personal\u00eb brenda Korniz\u00ebs Afatmesme t\u00eb Shpenzimeve, duke harmonizuar kompensimin s\u00eb paku me nivelin e pag\u00ebs minimale prej 425 euro n\u00eb muaj, me nj\u00eb kosto totale prej 53 milion\u00eb euro n\u00eb vitin 2026, 23 milion\u00eb euro n\u00eb vitin 2027 dhe 77 milion\u00eb euro n\u00eb vitin 2028.<\/li>\n\n\n\n<li>Themelimin e nj\u00eb programi t\u00eb akredituar n\u00eb nivel komb\u00ebtar p\u00ebr trajnimin dhe certifikimin e t\u00eb gjith\u00eb asistent\u00ebve personal\u00eb, duke ofruar trajnim falas p\u00ebr kujdes specifik p\u00ebr aft\u00ebsin\u00eb e kufizuar.<\/li>\n<\/ul>\n\n\n\n<p>Ngjarja p\u00ebrfshiu gjithashtu diskutimin n\u00eb panel q\u00eb mblodhi p\u00ebrfaq\u00ebsues nga institucionet, shoq\u00ebria civile dhe organizatat e personave me aft\u00ebsi t\u00eb kufizuara, ku diskutuan realizueshm\u00ebrin\u00eb dhe hapat praktik\u00eb t\u00eb nevojsh\u00ebm p\u00ebr zbatimin e rekomandimeve t\u00eb politikave. Pjes\u00ebmarr\u00ebsit theksuan r\u00ebnd\u00ebsin\u00eb e formalizimit t\u00eb rolit t\u00eb asistent\u00ebve personal\u00eb, sigurimit t\u00eb kushteve t\u00eb drejta t\u00eb pun\u00ebs dhe p\u00ebrmir\u00ebsimit t\u00eb qasjes n\u00eb sh\u00ebrbime cil\u00ebsore p\u00ebr personat me aft\u00ebsi t\u00eb kufizuara.<\/p>\n\n\n\n<p><em>\u201cAsistenca personale nuk \u00ebsht\u00eb luks; \u00ebsht\u00eb domosdoshm\u00ebri p\u00ebr jetes\u00eb t\u00eb pavarur. P\u00ebr shum\u00eb persona me aft\u00ebsi t\u00eb kufizuara, mb\u00ebshtetja nevojitet 24 or\u00eb n\u00eb dit\u00eb, megjithat\u00eb financimi aktual \u00ebsht\u00eb larg t\u00eb qenit i mjaftuesh\u00ebm p\u00ebr t\u00eb siguruar kujdes dinjitoz dhe adekuat,\u201d<\/em> tha Resmije Rrahmani nga OPDMK, duke ndar\u00eb p\u00ebrvoj\u00ebn e saj jet\u00ebsore si person me aft\u00ebsi t\u00eb kufizuara.<\/p>\n\n\n\n<p>Po ashtu, Nevenka Rikallo, p\u00ebrfaq\u00ebsuese e organizat\u00ebs partnere Ruka Ruci, theksoi: <em>\u201cAsistenca personale k\u00ebrkon jo vet\u00ebm njohje ligjore, por edhe investim n\u00eb trajnim, mb\u00ebshtetje psikosociale dhe linja t\u00eb dedikuara buxhetore p\u00ebr t\u00eb siguruar mb\u00ebshtetje cil\u00ebsore p\u00ebr personat me aft\u00ebsi t\u00eb kufizuara dhe ata q\u00eb ofrojn\u00eb kujdes.\u201d<\/em><\/p>\n\n\n\n<p>Kjo nism\u00eb kontribuon n\u00eb p\u00ebrpjekjet m\u00eb t\u00eb gjera p\u00ebr t\u00eb p\u00ebrmir\u00ebsuar qasjen n\u00eb sh\u00ebrbime cil\u00ebsore t\u00eb mbrojtjes sociale dhe p\u00ebr t\u00eb siguruar q\u00eb puna e kujdesit t\u00eb njihet, vler\u00ebsohet dhe mbrohet n\u00eb p\u00ebrputhje me standardet nd\u00ebrkomb\u00ebtare. RrGK, s\u00eb bashku me partner\u00ebt, do t\u00eb vazhdoj\u00eb t\u00eb angazhohet me institucionet relevante p\u00ebr t\u00eb avokuar p\u00ebr zbatimin e k\u00ebtyre rekomandimeve.<\/p>\n","protected":false},"excerpt":{"rendered":"<p>M\u00eb 28 prill, Rrjeti i Grave t\u00eb Kosov\u00ebs (RrGK), s\u00eb bashku me partner\u00ebt e saj Organizata e Personave me Distrofi Muskulare t\u00eb Kosov\u00ebs (OPDMK) dhe Ruka Ruci (RR), lansoi dokumentin e politikave \u201cT\u00eb papaguar dhe t\u00eb pambrojtur: Asistent\u00ebt personal\u00eb mbajn\u00eb barr\u00ebn e kujdesit p\u00ebr personat me aft\u00ebsi t\u00eb kufizuara\u201d, n\u00eb kuad\u00ebr t\u00eb projektit t\u00eb financuar [&hellip;]<\/p>\n","protected":false},"author":4,"featured_media":3367926,"comment_status":"closed","ping_status":"closed","sticky":false,"template":"","format":"standard","meta":{"_FSMCFIC_featured_image_caption":"","_FSMCFIC_featured_image_nocaption":"","_FSMCFIC_featured_image_hide":"","footnotes":""},"categories":[58],"tags":[],"class_list":["post-3367929","post","type-post","status-publish","format-standard","has-post-thumbnail","hentry","category-lajme"],"acf":[],"_links":{"self":[{"href":"https:\/\/womensnetwork.org\/sq\/wp-json\/wp\/v2\/posts\/3367929","targetHints":{"allow":["GET"]}}],"collection":[{"href":"https:\/\/womensnetwork.org\/sq\/wp-json\/wp\/v2\/posts"}],"about":[{"href":"https:\/\/womensnetwork.org\/sq\/wp-json\/wp\/v2\/types\/post"}],"author":[{"embeddable":true,"href":"https:\/\/womensnetwork.org\/sq\/wp-json\/wp\/v2\/users\/4"}],"replies":[{"embeddable":true,"href":"https:\/\/womensnetwork.org\/sq\/wp-json\/wp\/v2\/comments?post=3367929"}],"version-history":[{"count":1,"href":"https:\/\/womensnetwork.org\/sq\/wp-json\/wp\/v2\/posts\/3367929\/revisions"}],"predecessor-version":[{"id":3367933,"href":"https:\/\/womensnetwork.org\/sq\/wp-json\/wp\/v2\/posts\/3367929\/revisions\/3367933"}],"wp:featuredmedia":[{"embeddable":true,"href":"https:\/\/womensnetwork.org\/sq\/wp-json\/wp\/v2\/media\/3367926"}],"wp:attachment":[{"href":"https:\/\/womensnetwork.org\/sq\/wp-json\/wp\/v2\/media?parent=3367929"}],"wp:term":[{"taxonomy":"category","embeddable":true,"href":"https:\/\/womensnetwork.org\/sq\/wp-json\/wp\/v2\/categories?post=3367929"},{"taxonomy":"post_tag","embeddable":true,"href":"https:\/\/womensnetwork.org\/sq\/wp-json\/wp\/v2\/tags?post=3367929"}],"curies":[{"name":"wp","href":"https:\/\/api.w.org\/{rel}","templated":true}]}}