{"id":3369473,"date":"2026-09-03T14:52:43","date_gmt":"2026-09-03T14:52:43","guid":{"rendered":"https:\/\/womensnetwork.org\/?p=3369473"},"modified":"2026-09-03T14:52:43","modified_gmt":"2026-09-03T14:52:43","slug":"artpolis-dhe-fuqia-e-artit-per-te-transformuar-normat-gjinore","status":"publish","type":"post","link":"https:\/\/womensnetwork.org\/sq\/artpolis-dhe-fuqia-e-artit-per-te-transformuar-normat-gjinore\/","title":{"rendered":"Artpolis dhe fuqia e artit p\u00ebr t\u00eb transformuar normat gjinore\u202f\u00a0"},"content":{"rendered":"\n<p class=\"wp-block-paragraph\">Artpolis \u2013 Qendra p\u00ebr Art dhe Komunitet \u00ebsht\u00eb nj\u00eb prej organizatave q\u00eb, p\u00ebrmes artit, arrin t\u00eb ndikoj\u00eb p\u00ebrtej sken\u00ebs. P\u00ebr vite me radh\u00eb, Artpolis ka p\u00ebrdorur teatrin si nj\u00eb mjet p\u00ebr t\u00eb sfiduar normat dhe stereotipet gjinore, duke krijuar hap\u00ebsira p\u00ebr dialog, reflektim dhe nd\u00ebrveprim me komunitetin. P\u00ebrmes pun\u00ebs s\u00eb drejtp\u00ebrdrejt\u00eb me t\u00eb rinjt\u00eb, ata i angazhojn\u00eb si pjes\u00ebmarr\u00ebs aktiv\u00eb n\u00eb diskutimin dhe transformimin e m\u00ebnyr\u00ebs se si shoq\u00ebria i sheh dhe i p\u00ebrjeton rolet gjinore.\u202f\u202f&nbsp;<\/p>\n\n\n\n<p class=\"wp-block-paragraph\">Nj\u00eb nga nismat q\u00eb e ka b\u00ebr\u00eb Artpolisin ve\u00e7an\u00ebrisht t\u00eb njohur n\u00eb Kosov\u00eb dhe p\u00ebrtej saj \u00ebsht\u00eb FemArt \u2013 Festivali Nd\u00ebrkomb\u00ebtar i Artisteve dhe Aktivisteve.\u202f\u202f&nbsp;<\/p>\n\n\n\n<p class=\"wp-block-paragraph\">I themeluar nga Zana Hoxha dhe i organizuar nga Artpolis q\u00eb nga viti 2013, FemArt \u00ebsht\u00eb kthyer n\u00eb nj\u00eb nga festivalet m\u00eb t\u00eb m\u00ebdha feministe n\u00eb Ballkan. P\u00ebr m\u00eb shum\u00eb se nj\u00eb dekad\u00eb, festivali ka krijuar hap\u00ebsir\u00eb p\u00ebr artiste, aktiviste, muzikante, aktore, regjisore, shkrimtare, fotografe dhe krijuese nga Kosova, rajoni dhe bota.\u202f&nbsp;<\/p>\n\n\n\n<p class=\"wp-block-paragraph\">FemArt jo ve\u00e7 q\u00eb e mbush kalendarin kulturor t\u00eb Prishtin\u00ebs, por q\u00eb nga edicioni i par\u00eb, festivali \u00ebsht\u00eb nd\u00ebrtuar rreth pyetjeve dhe temave q\u00eb prekin jet\u00ebn e grave dhe grupeve t\u00eb margjinalizuara: dhuna, liria, barazia, paqja, solidariteti, fuqizimi dhe sfidimi i normave patriarkale. \u00c7do edicion ka sjell\u00eb tema dhe z\u00ebra t\u00eb rinj, duke e p\u00ebrdorur artin si m\u00ebnyr\u00eb p\u00ebr t\u00eb folur p\u00ebr \u00e7\u00ebshtje q\u00eb shpesh trajtohen vet\u00ebm n\u00eb hap\u00ebsirat e aktivizmit.\u202f&nbsp;<\/p>\n\n\n\n<p class=\"wp-block-paragraph\">An\u00ebtare e Rrjetit t\u00eb Grave t\u00eb Kosov\u00ebs, Artpolis ka nd\u00ebrtuar p\u00ebr m\u00eb shum\u00eb se dy dekada nj\u00eb pun\u00eb q\u00eb lidh artin me t\u00eb drejtat e njeriut, barazin\u00eb gjinore, fuqizimin e grave dhe t\u00eb rinjve dhe dialogun n\u00eb komunitet.\u202f\u00a0\u00a0<\/p>\n\n\n\n<p class=\"wp-block-paragraph\">Kjo organizat\u00eb \u00ebsht\u00eb themeluar n\u00eb vitin 2004 nga regjisorja e teatrit dhe aktivistja Zana Hoxha. Artpolis nisi me nj\u00eb ide t\u00eb qart\u00eb q\u00eb arti mund t\u00eb jet\u00eb m\u00eb shum\u00eb sesa ve\u00e7 sken\u00eb dhe performanc\u00eb. Mund t\u00eb jet\u00eb m\u00ebnyr\u00eb p\u00ebr t\u00eb folur p\u00ebr shoq\u00ebrin\u00eb, p\u00ebr t\u00eb hapur tema q\u00eb shpesh mbeten tabu dhe p\u00ebr t\u2019i b\u00ebr\u00eb njer\u00ebzit pjes\u00eb t\u00eb ndryshimeve. Sot, organizata e p\u00ebrshkruan misionin e vet si nd\u00ebrtim i fuqis\u00eb kulturore t\u00eb grave dhe t\u00eb rinjve p\u00ebr t\u2019u b\u00ebr\u00eb katalizator\u00eb t\u00eb transformimit shoq\u00ebror.\u202f&nbsp;<\/p>\n\n\n\n<p class=\"wp-block-paragraph\">Artpolis punon me t\u00eb rinj n\u00ebp\u00ebr Kosov\u00eb, organizon trajnime dhe klube teatrale, zhvillon metoda t\u00eb Edukimit t\u00eb Bazuar n\u00eb Teat\u00ebr dhe Forum Teatrit, krijon shfaqje dhe hap hap\u00ebsira ku t\u00eb rinjt\u00eb mund t\u00eb flasin p\u00ebr at\u00eb q\u00eb i shqet\u00ebson.\u202f&nbsp;<\/p>\n\n\n\n<p class=\"wp-block-paragraph\">P\u00ebrmes Forum Teatrit, publiku b\u00ebhet pjes\u00eb e shfaqjes, diskuton me personazhet, v\u00eb n\u00eb pik\u00ebpyetje situatat dhe propozon m\u00ebnyra t\u00eb tjera p\u00ebr t\u2019u p\u00ebrballur me to. K\u00ebshtu, skena b\u00ebhet vend ku mund t\u00eb flitet p\u00ebr dhun\u00ebn ndaj grave, dhun\u00ebn online, diskriminimin, paragjykimet, kontrollin emocional dhe shum\u00eb prej problemeve q\u00eb prekin jet\u00ebn e p\u00ebrditshme.\u202f&nbsp;<\/p>\n\n\n\n<p class=\"wp-block-paragraph\">Nj\u00eb shembull i k\u00ebsaj pune \u00ebsht\u00eb edhe \u201cPrapa Ekranit\u201d, shfaqje forum teat\u00ebr, e cila gjat\u00eb vitit 2026 \u00ebsht\u00eb prezantuar n\u00eb disa qytete t\u00eb Kosov\u00ebs dhe ka trajtuar abuzimin online, kontrollin emocional, bullizmin dhe format e reja t\u00eb dhun\u00ebs q\u00eb po shfaqen n\u00eb hap\u00ebsirat digjitale.\u202f\u202f&nbsp;<\/p>\n\n\n\n<p class=\"wp-block-paragraph\">P\u00ebr Zana Hoxh\u00ebn, si regjisore, ajo ka krijuar dhe drejtuar mbi 20 shfaqje teatrore t\u00eb prezantuara n\u00eb Kosov\u00eb dhe n\u00eb vende t\u00eb ndryshme t\u00eb rajonit, nd\u00ebrsa angazhimin e saj e ka shtrir\u00eb edhe n\u00eb Evrop\u00eb, SHBA, Lindjen e Mesme dhe Afrik\u00ebn e Veriut. Para themelimit dhe zhvillimit t\u00eb Artpolis dhe FemArt, ajo ishte pjes\u00eb e udh\u00ebheqjes artistike t\u00eb SKENA UP dhe Drejtore artistike e Teatrit Profesional t\u00eb Gjakov\u00ebs.\u202f&nbsp;<\/p>\n\n\n\n<p class=\"wp-block-paragraph\">N\u00eb vitet e fundit, Artpolis ka vazhduar t\u00eb zgjeroj\u00eb m\u00ebnyrat se si arti mund t\u00eb lidhet me komunitetin. Ka punuar me shkolla, universitete, artist\u00eb t\u00eb rinj, komunitete t\u00eb ndryshme dhe organizata t\u00eb shoq\u00ebris\u00eb civile.\u202f&nbsp;<\/p>\n\n\n\n<p class=\"wp-block-paragraph\">Tani, pas m\u00eb shum\u00eb se dy dekadash, Artpolisi po nd\u00ebrmerr nj\u00eb hap tjet\u00ebr.\u202f<\/p>\n\n\n\n<p class=\"wp-block-paragraph\">Po krijon Stacionin Kulturor t\u00eb Prishtin\u00ebs.\u202f&nbsp;<\/p>\n\n\n\n<p class=\"wp-block-paragraph\">Hap\u00ebsira, e cila po nd\u00ebrtohet n\u00eb zem\u00ebr t\u00eb Prishtin\u00ebs, \u00ebsht\u00eb menduar si nj\u00eb sht\u00ebpi e re p\u00ebr artin dhe komunitetin: me sken\u00eb p\u00ebr shfaqje, performanca e koncerte, galeri p\u00ebr ekspozita, pun\u00ebtori dhe trajnime, si dhe hap\u00ebsira t\u00eb p\u00ebrbashk\u00ebta ku njer\u00ebzit mund t\u00eb takohen. Si\u00e7 ka treguar shpesh edhe vet organizata, nj\u00eb objekt i braktisur po rikthehet n\u00eb jet\u00eb p\u00ebrmes nj\u00eb procesi t\u00eb revitalizimit dhe po shnd\u00ebrrohet n\u00eb nj\u00eb hap\u00ebsir\u00eb ku artist\u00ebt mund t\u00eb krijojn\u00eb dhe komuniteti t\u00eb takohet.\u202f&nbsp;<\/p>\n\n\n\n<p class=\"wp-block-paragraph\">Por, p\u00ebr ta b\u00ebr\u00eb Stacionin plot\u00ebsisht funksional, Artpolis \u00ebsht\u00eb aktualisht duke mbledhur 100,000 euro. Fondet do t\u00eb p\u00ebrdoren p\u00ebr pajisje teatrore dhe teknike, ndri\u00e7im dhe z\u00ebrim, pajisje p\u00ebr galerin\u00eb dhe ekspozitat, si dhe mobilim dhe pajisje p\u00ebr hap\u00ebsirat e p\u00ebrbashk\u00ebta t\u00eb komunitetit.\u202f&nbsp;<\/p>\n\n\n\n<p class=\"wp-block-paragraph\">Synimi \u00ebsht\u00eb q\u00eb Stacioni Kulturor t\u00eb hap\u00eb dyert m\u00eb 25 shtator 2026, s\u00eb bashku me hapjen e edicionit t\u00eb 14-t\u00eb t\u00eb FemArt.\u202f&nbsp;<\/p>\n\n\n\n<p class=\"wp-block-paragraph\">P\u00ebr nj\u00eb organizat\u00eb q\u00eb p\u00ebr m\u00eb shum\u00eb se 20 vjet ka krijuar hap\u00ebsira p\u00ebr gra, t\u00eb rinj, artiste dhe aktiviste, ky \u00ebsht\u00eb nj\u00eb hap i r\u00ebnd\u00ebsish\u00ebm: t\u2019i jepet nj\u00eb sht\u00ebpi e p\u00ebrhershme gjith\u00eb asaj pune q\u00eb \u00ebsht\u00eb b\u00ebr\u00eb n\u00ebp\u00ebr skena, shkolla, sheshe, festivale dhe komunitete.\u202f\u202f&nbsp;<\/p>\n\n\n\n<p class=\"wp-block-paragraph\">K\u00ebtu, n\u00eb k\u00ebt\u00eb link <a href=\"https:\/\/www.gofundme.com\/f\/a-new-cultural-home-for-prishtina-be-a-founding-supporter?attribution_id=sl:64fb9106-e8fb-4141-ba41-ab0020f1cb12&amp;lang=en_GB&amp;ts=1787576412&amp;utm_campaign=fp_sharesheet&amp;utm_content=amp30-control&amp;utm_medium=customer&amp;utm_source=copy_link\" target=\"_blank\" rel=\"noopener\">GoFundMe<\/a>, mund t\u00eb b\u00ebj\u00eb donacione secili prej jush q\u00eb ka mund\u00ebsi e d\u00ebshir\u00eb p\u00ebr ta ndihmuar Artpolisin.\u202f\u202f&nbsp;<\/p>\n\n\n\n<p class=\"wp-block-paragraph\">M\u00eb shum\u00eb rreth pun\u00ebs dhe aktiviteteve t\u00eb Artpolisit, mund t\u00eb m\u00ebsoni n\u00eb faqen e vet zyrtare n\u00eb <a href=\"https:\/\/www.facebook.com\/artpolisKosovo\" target=\"_blank\" rel=\"noopener\">Facebook<\/a>. Nd\u00ebrsa, p\u00ebr t\u2019i ndihmuar edhe vet organizat\u00ebs, mund ta b\u00ebni duke i kontaktuar p\u00ebrmes email-adres\u00ebs s\u00eb tyre (<a href=\"mailto:ojq.artpolis@gmail.com\" target=\"_blank\" rel=\"noopener\"><strong>ojq.artpolis@gmail.com<\/strong><\/a>).\u202f&nbsp;<\/p>\n","protected":false},"excerpt":{"rendered":"<p>Artpolis \u2013 Qendra p\u00ebr Art dhe Komunitet \u00ebsht\u00eb nj\u00eb prej organizatave q\u00eb, p\u00ebrmes artit, arrin t\u00eb ndikoj\u00eb p\u00ebrtej sken\u00ebs. P\u00ebr vite me radh\u00eb, Artpolis ka p\u00ebrdorur teatrin si nj\u00eb mjet p\u00ebr t\u00eb sfiduar normat dhe stereotipet gjinore, duke krijuar hap\u00ebsira p\u00ebr dialog, reflektim dhe nd\u00ebrveprim me komunitetin. P\u00ebrmes pun\u00ebs s\u00eb drejtp\u00ebrdrejt\u00eb me t\u00eb rinjt\u00eb, ata [&hellip;]<\/p>\n","protected":false},"author":4,"featured_media":3369474,"comment_status":"closed","ping_status":"closed","sticky":false,"template":"","format":"standard","meta":{"_acf_changed":false,"_FSMCFIC_featured_image_caption":"","_FSMCFIC_featured_image_nocaption":"","_FSMCFIC_featured_image_hide":"","footnotes":""},"categories":[58],"tags":[],"class_list":["post-3369473","post","type-post","status-publish","format-standard","has-post-thumbnail","hentry","category-lajme"],"acf":[],"_links":{"self":[{"href":"https:\/\/womensnetwork.org\/sq\/wp-json\/wp\/v2\/posts\/3369473","targetHints":{"allow":["GET"]}}],"collection":[{"href":"https:\/\/womensnetwork.org\/sq\/wp-json\/wp\/v2\/posts"}],"about":[{"href":"https:\/\/womensnetwork.org\/sq\/wp-json\/wp\/v2\/types\/post"}],"author":[{"embeddable":true,"href":"https:\/\/womensnetwork.org\/sq\/wp-json\/wp\/v2\/users\/4"}],"replies":[{"embeddable":true,"href":"https:\/\/womensnetwork.org\/sq\/wp-json\/wp\/v2\/comments?post=3369473"}],"version-history":[{"count":1,"href":"https:\/\/womensnetwork.org\/sq\/wp-json\/wp\/v2\/posts\/3369473\/revisions"}],"predecessor-version":[{"id":3369477,"href":"https:\/\/womensnetwork.org\/sq\/wp-json\/wp\/v2\/posts\/3369473\/revisions\/3369477"}],"wp:featuredmedia":[{"embeddable":true,"href":"https:\/\/womensnetwork.org\/sq\/wp-json\/wp\/v2\/media\/3369474"}],"wp:attachment":[{"href":"https:\/\/womensnetwork.org\/sq\/wp-json\/wp\/v2\/media?parent=3369473"}],"wp:term":[{"taxonomy":"category","embeddable":true,"href":"https:\/\/womensnetwork.org\/sq\/wp-json\/wp\/v2\/categories?post=3369473"},{"taxonomy":"post_tag","embeddable":true,"href":"https:\/\/womensnetwork.org\/sq\/wp-json\/wp\/v2\/tags?post=3369473"}],"curies":[{"name":"wp","href":"https:\/\/api.w.org\/{rel}","templated":true}]}}