{"id":3369518,"date":"2026-09-05T12:55:19","date_gmt":"2026-09-05T12:55:19","guid":{"rendered":"https:\/\/womensnetwork.org\/?p=3369518"},"modified":"2026-09-05T12:56:03","modified_gmt":"2026-09-05T12:56:03","slug":"rogova-dorezon-poziten-por-jo-pishtarin-farnsworth-drejtorja-e-re-e-rrgk-se","status":"publish","type":"post","link":"https:\/\/womensnetwork.org\/sq\/rogova-dorezon-poziten-por-jo-pishtarin-farnsworth-drejtorja-e-re-e-rrgk-se\/","title":{"rendered":"Rogova dor\u00ebzon pozit\u00ebn, por jo pishtarin \u2013 Farnsworth Drejtorja e re e RrGK-s\u00eb\u00a0"},"content":{"rendered":"\n<p class=\"wp-block-paragraph\">T\u00eb shtun\u00ebn, m\u00eb 5 shtator, n\u00eb Hotel Sirius n\u00eb Prishtin\u00eb u mbajt Mbledhja e An\u00ebtareve t\u00eb Rrjetit t\u00eb Grave t\u00eb Kosov\u00ebs (RrGK), ku, mes tjerash, Igballe Rogova, Igo, njoftoi zyrtarisht p\u00ebr p\u00ebrfundimin e mandatit si Drejtore, nd\u00ebrsa u prezantua edhe drejtorja e re e RrGK-s\u00eb, Nicole Farnsworth.&nbsp;<\/p>\n\n\n\n<p class=\"wp-block-paragraph\">Rogova, aktiviste e njohur p\u00ebr t\u00eb drejtat e grave dhe nj\u00eb nga figurat themeluese t\u00eb RrGK-s\u00eb, ia dor\u00ebzoi drejtimin e organizat\u00ebs nj\u00eb brezi t\u00eb ri udh\u00ebheq\u00ebsesh, por jo at\u00eb q\u00eb e quajti \u201cpishtari\u201d i aktivizmit.&nbsp;<\/p>\n\n\n\n<p class=\"wp-block-paragraph\">N\u00eb fjal\u00ebn para an\u00ebtareve, ajo e nisi rr\u00ebfimin duke u kthyer pas n\u00eb fillimet e aktivizmit t\u00eb saj dhe te gruaja q\u00eb, si\u00e7 tha, ia ndezi p\u00ebr her\u00eb t\u00eb par\u00eb pishtarin.&nbsp;<\/p>\n\n\n\n<p class=\"wp-block-paragraph\">\u201cFillimisht, k\u00ebt\u00eb pishtar ma ka ndezur motra ime Safete Rogova. Ishim n\u00eb koh\u00ebn e okupimit dhe ajo m\u00eb tha: \u2018Hajde, ju m\u00ebsojm\u00eb si ta ndajm\u00eb pishtarin e drit\u00ebs me t\u00eb gjitha k\u00ebto gra\u2019.\u201d&nbsp;<\/p>\n\n\n\n<p class=\"wp-block-paragraph\">P\u00ebr Igon, tri shtylla e kan\u00eb mbajtur gjall\u00eb k\u00ebt\u00eb rrug\u00ebtim nd\u00ebr vite: solidariteti, respekti dhe dashuria.&nbsp;<\/p>\n\n\n\n<p class=\"wp-block-paragraph\">\u201cK\u00ebto na dhan\u00eb energji t\u00eb vazhdonim tutje\u201d, tha ajo.&nbsp;<\/p>\n\n\n\n<p class=\"wp-block-paragraph\">N\u00eb rr\u00ebfimin e saj, ajo kujtoi edhe an\u00ebtaret dhe stafin q\u00eb nd\u00ebr vite e kan\u00eb nd\u00ebrtuar dhe mbajtur organizat\u00ebn.&nbsp;<\/p>\n\n\n\n<p class=\"wp-block-paragraph\">\u201cMe krenarin\u00eb m\u00eb t\u00eb madhe e them sot: jam aq e lumtur q\u00eb po e l\u00eb Rrjetin edhe m\u00eb t\u00eb fuqish\u00ebm, fal\u00eb pun\u00ebs dhe p\u00ebrkushtimit q\u00eb ka b\u00ebr\u00eb menaxhmenti dhe stafi\u201d.&nbsp;<\/p>\n\n\n\n<p class=\"wp-block-paragraph\">Ajo tha se ndihet krenare q\u00eb po e dor\u00ebzon drejtimin n\u00eb k\u00ebt\u00eb m\u00ebnyr\u00eb.&nbsp;<\/p>\n\n\n\n<p class=\"wp-block-paragraph\">\u201cPo e dor\u00ebzoj postin, por jo pishtarin\u201d.&nbsp;<\/p>\n\n\n\n<p class=\"wp-block-paragraph\">N\u00eb fjal\u00ebn e saj, Rogova iu referua edhe ndarjes nga jeta t\u00eb Gloria Steinem rishtazi, ikon\u00ebs amerikane t\u00eb feminizmit, dhe e lidhi mesazhin me metafor\u00ebn q\u00eb e kishte shoq\u00ebruar gjat\u00eb gjith\u00eb rr\u00ebfimit.&nbsp;<\/p>\n\n\n\n<p class=\"wp-block-paragraph\">Ajo kujtoi fjal\u00ebt e Steinemit p\u00ebr pishtarin dhe p\u00ebr nevoj\u00ebn q\u00eb secila grua ta mbaj\u00eb dhe ta ndez\u00eb drit\u00ebn e t\u00eb tjerave.&nbsp;<\/p>\n\n\n\n<p class=\"wp-block-paragraph\">\u201cT\u00eb dashura motra, un\u00eb sot po e dor\u00ebzoj postin, por jo pishtarin. Si\u00e7 e mban sot edhe motra ime, bashk\u00eb do ta mbajm\u00eb dhe do ta ndri\u00e7ojm\u00eb t\u00ebr\u00eb Kosov\u00ebn, sepse ka nevoj\u00eb\u201d.&nbsp;<\/p>\n\n\n\n<p class=\"wp-block-paragraph\">N\u00eb k\u00ebt\u00eb moment, simbolika u b\u00eb edhe m\u00eb e fort\u00eb: nj\u00eb pozit\u00eb mund t\u00eb dor\u00ebzohet, por nj\u00eb kauz\u00eb nuk dor\u00ebzohet.&nbsp;<\/p>\n\n\n\n<p class=\"wp-block-paragraph\">N\u00eb t\u00eb nj\u00ebjt\u00ebn frym\u00eb, Steinem ka th\u00ebn\u00eb:&nbsp;<\/p>\n\n\n\n<p class=\"wp-block-paragraph\">\u201cDikush m\u00eb pyet tani n\u00ebse po ia kaloj pishtarin dikujt tjet\u00ebr. Un\u00eb gjithmon\u00eb shpjegoj se jo, po e mbaj pishtarin tim, faleminderit shum\u00eb. Dhe po e p\u00ebrdor at\u00eb p\u00ebr t\u00eb ndezur pishtar\u00ebt e t\u00eb tjerave\u201d.&nbsp;<\/p>\n\n\n\n<p class=\"wp-block-paragraph\">Farnsworth, tha se \u201cS\u00eb bashku jemi m\u00eb t\u00eb forta\u201d.&nbsp;<\/p>\n\n\n\n<p class=\"wp-block-paragraph\">Duke iu drejtuar an\u00ebtareve t\u00eb RrGK-s\u00eb, Farnsworth tha se ndihet e nderuar p\u00ebr besimin e dh\u00ebn\u00eb.&nbsp;<\/p>\n\n\n\n<p class=\"wp-block-paragraph\">\u201cP\u00ebr mua \u00ebsht\u00eb nj\u00eb nder i madh q\u00eb m\u00eb keni zgjedhur t\u2019ju sh\u00ebrbej\u201d, tha ajo.&nbsp;<\/p>\n\n\n\n<p class=\"wp-block-paragraph\">Ajo theksoi r\u00ebnd\u00ebsin\u00eb e solidaritetit dhe t\u00eb pun\u00ebs s\u00eb p\u00ebrbashk\u00ebt p\u00ebr t\u00eb p\u00ebrballuar sfidat q\u00eb mund t\u00eb dalin p\u00ebrpara.&nbsp;<\/p>\n\n\n\n<p class=\"wp-block-paragraph\">\u201cMund t\u00eb p\u00ebrballemi rrug\u00ebs me pengesa, por un\u00eb v\u00ebrtet besoj q\u00eb s\u00eb bashku dhe n\u00eb solidaritet do t\u00eb vazhdojm\u00eb p\u00ebrpara\u201d, tha ajo.&nbsp;<\/p>\n\n\n\n<p class=\"wp-block-paragraph\">Farnsworth theksoni r\u00ebnd\u00ebsin\u00eb q\u00eb pun\u00ebt t&#8217;i vazhdojm\u00eb bashk\u00eb me an\u00ebtare.&nbsp;<\/p>\n\n\n\n<p class=\"wp-block-paragraph\">\u201cMezi presim t\u00eb vazhdojm\u00eb t\u00eb punojm\u00eb ngusht\u00eb me ju p\u00ebr t\u00eb promovuar dhe mbrojtur t\u00eb drejtat e grave dhe vajzave. Sikurse e dini, s\u00eb bashku jemi m\u00eb t\u00eb forta!\u201d.&nbsp;<\/p>\n\n\n\n<p class=\"wp-block-paragraph\">Kryetarja e Bordit t\u00eb RrGK-s\u00eb, Nermin Mahmuti, tha se ky moment sh\u00ebnon nj\u00eb ndryshim t\u00eb r\u00ebnd\u00ebsish\u00ebm, por edhe d\u00ebshmon vazhdim\u00ebsin\u00eb e pun\u00ebs s\u00eb organizat\u00ebs.&nbsp;<\/p>\n\n\n\n<p class=\"wp-block-paragraph\">\u201cSot fokusi do t\u00eb jet\u00eb te Igo. E mira \u00ebsht\u00eb q\u00eb, n\u00eb k\u00ebt\u00eb situat\u00eb sfiduese, Rrjeti po vazhdon dhe po vazhdon fuqish\u00ebm. Ju jeni t\u00eb fuqishme, aktiviste edhe tutje\u201d, tha ajo.&nbsp;<\/p>\n\n\n\n<p class=\"wp-block-paragraph\">Mahmuti kujtoi edhe nj\u00eb moment t\u00eb r\u00ebnd\u00ebsish\u00ebm p\u00ebr Rogov\u00ebn: n\u00eb mars t\u00eb vitit 2026, ajo u nderua me Medaljen Presidenciale.&nbsp;<\/p>\n\n\n\n<p class=\"wp-block-paragraph\">\u201cIgo jon\u00eb e dashur \u00ebsht\u00eb nderuar me Medaljen Presidenciale. Ajo \u00ebsht\u00eb m\u00eb e madhja q\u00eb dikush mund ta marr\u00eb gjat\u00eb jet\u00ebs p\u00ebr kontributin q\u00eb ka dh\u00ebn\u00eb. Igo e ka merituar, n\u00eb fuqizimin e grave. \u00cbsht\u00eb z\u00eb q\u00eb ka ndryshuar politika, ka \u00e7uar p\u00ebrpara procese. Faleminderit, Igo\u201d.&nbsp;<\/p>\n\n\n\n<p class=\"wp-block-paragraph\">N\u00eb shenj\u00eb mir\u00ebnjohjeje p\u00ebr kontributin e saj nd\u00ebr vite, an\u00ebtaret e RrGK-s\u00eb i dhuruan Rogov\u00ebs nj\u00eb piktur\u00eb t\u00eb punuar nga Iliriana Loxha Basha, me portretin e saj.&nbsp;<\/p>\n\n\n\n<p class=\"wp-block-paragraph\">Belgjyzare Muharremi, an\u00ebtare nderi e RrGK-s\u00eb, tha se dhurata ishte shum\u00eb m\u00eb tep\u00ebr se nj\u00eb vep\u00ebr arti.&nbsp;<\/p>\n\n\n\n<p class=\"wp-block-paragraph\">\u201cPo t\u00eb dhurojm\u00eb nj\u00eb simbol t\u00eb rrug\u00ebtimit t\u00ebnd, p\u00ebrkushtimit t\u00ebnd dhe t\u00eb gjurm\u00ebs s\u00eb pashlyeshme q\u00eb ke l\u00ebn\u00eb n\u00eb jet\u00ebn e mij\u00ebra grave\u201d, tha ajo.&nbsp;<\/p>\n\n\n\n<p class=\"wp-block-paragraph\">Gjat\u00eb mbledhjes, an\u00ebtaret ndan\u00eb kujtime dhe shpreh\u00ebn mir\u00ebnjohje p\u00ebr Rogov\u00ebn, duke folur p\u00ebr ndikimin e saj n\u00eb l\u00ebvizjen e grave dhe n\u00eb organizatat q\u00eb nd\u00ebr vite kan\u00eb qen\u00eb pjes\u00eb e Rrjetit. Ato po ashtu konfirmuan unanimisht mb\u00ebshtetjen p\u00ebr zgjedhjen e drejtores s\u00eb re.&nbsp;<\/p>\n","protected":false},"excerpt":{"rendered":"<p>T\u00eb shtun\u00ebn, m\u00eb 5 shtator, n\u00eb Hotel Sirius n\u00eb Prishtin\u00eb u mbajt Mbledhja e An\u00ebtareve t\u00eb Rrjetit t\u00eb Grave t\u00eb Kosov\u00ebs (RrGK), ku, mes tjerash, Igballe Rogova, Igo, njoftoi zyrtarisht p\u00ebr p\u00ebrfundimin e mandatit si Drejtore, nd\u00ebrsa u prezantua edhe drejtorja e re e RrGK-s\u00eb, Nicole Farnsworth.&nbsp; Rogova, aktiviste e njohur p\u00ebr t\u00eb drejtat e [&hellip;]<\/p>\n","protected":false},"author":4,"featured_media":3369519,"comment_status":"closed","ping_status":"closed","sticky":false,"template":"","format":"standard","meta":{"_acf_changed":false,"_FSMCFIC_featured_image_caption":"","_FSMCFIC_featured_image_nocaption":"","_FSMCFIC_featured_image_hide":"","footnotes":""},"categories":[58,3],"tags":[],"class_list":["post-3369518","post","type-post","status-publish","format-standard","has-post-thumbnail","hentry","category-lajme","category-uncategorized-sq"],"acf":[],"_links":{"self":[{"href":"https:\/\/womensnetwork.org\/sq\/wp-json\/wp\/v2\/posts\/3369518","targetHints":{"allow":["GET"]}}],"collection":[{"href":"https:\/\/womensnetwork.org\/sq\/wp-json\/wp\/v2\/posts"}],"about":[{"href":"https:\/\/womensnetwork.org\/sq\/wp-json\/wp\/v2\/types\/post"}],"author":[{"embeddable":true,"href":"https:\/\/womensnetwork.org\/sq\/wp-json\/wp\/v2\/users\/4"}],"replies":[{"embeddable":true,"href":"https:\/\/womensnetwork.org\/sq\/wp-json\/wp\/v2\/comments?post=3369518"}],"version-history":[{"count":1,"href":"https:\/\/womensnetwork.org\/sq\/wp-json\/wp\/v2\/posts\/3369518\/revisions"}],"predecessor-version":[{"id":3369522,"href":"https:\/\/womensnetwork.org\/sq\/wp-json\/wp\/v2\/posts\/3369518\/revisions\/3369522"}],"wp:featuredmedia":[{"embeddable":true,"href":"https:\/\/womensnetwork.org\/sq\/wp-json\/wp\/v2\/media\/3369519"}],"wp:attachment":[{"href":"https:\/\/womensnetwork.org\/sq\/wp-json\/wp\/v2\/media?parent=3369518"}],"wp:term":[{"taxonomy":"category","embeddable":true,"href":"https:\/\/womensnetwork.org\/sq\/wp-json\/wp\/v2\/categories?post=3369518"},{"taxonomy":"post_tag","embeddable":true,"href":"https:\/\/womensnetwork.org\/sq\/wp-json\/wp\/v2\/tags?post=3369518"}],"curies":[{"name":"wp","href":"https:\/\/api.w.org\/{rel}","templated":true}]}}