{"id":555521,"date":"2013-02-09T20:08:54","date_gmt":"2013-02-09T20:08:54","guid":{"rendered":""},"modified":"-0001-11-30T00:00:00","modified_gmt":"-0001-11-30T00:00:00","slug":"shoqata-e-verberve-dhe-me-te-pamur-te-dobesuar","status":"publish","type":"post","link":"https:\/\/womensnetwork.org\/sq\/shoqata-e-verberve-dhe-me-te-pamur-te-dobesuar\/","title":{"rendered":"Shoqata e Verb\u00ebrve dhe me t\u00eb Pamur t\u00eb Dob\u00ebsuar"},"content":{"rendered":"<p style=\"text-align: justify;\">Yllka mezi pret q&euml; t&euml; befasoj&euml; familjen e saj me gatimin e qofteve tradicionale. Ajo &euml;sht&euml; e verb&euml;r dhe pak kush n&euml; Kosov&euml; pret q&euml; ajo t&euml; gatuaj&euml; apo t&euml; b&euml;j&euml; ndonj&euml; gj&euml; tjet&euml;r n&euml; k&euml;t&euml; drejtim.<\/p>\n<p>Shoqata e t&euml; Verb&euml;rve n&euml; Prizren ka iniciuar p&euml;r t&euml; fuqizuar grat&euml; e verb&euml;ra si t&euml; b&euml;hen t&euml; pavarura. P&euml;rmes programit t&euml; tyre &quot;T&euml; m&euml;sojm&euml; t&euml; gatuajm&euml;&quot;, Yllka dhe n&euml;nt&euml; gra t&euml; verb&euml;ra kan&euml; m&euml;suar t&euml; pregatisin ushqim n&euml; m&euml;nyr&euml; t&euml; pavarur.<\/p>\n<p style=\"text-align: justify;\">Kjo organizat&euml; q&euml; &euml;sht&euml; deg&euml; e Shoqat&euml;s Komb&euml;tare t&euml; t&euml; Verb&euml;rve, ka p&euml;r q&euml;llim mbrojtjen e integritetit dhe t&euml; drejtave t&euml; personave t&euml; verb&euml;r, avancimin e arsimimit t&euml; tyre dhe integrimin e tyre n&euml; shoq&euml;rin&euml; kosovare.<\/p>\n<p style=\"text-align: justify;\">&ldquo;Natyrisht q&euml; &euml;sht&euml; m&euml; e v&euml;shtir&euml; p&euml;r ato q&euml; t&euml; m&euml;sojn&euml; t&euml; pregatisin ushqim, pasi q&euml; ato duhet t&euml; m&euml;sojn&euml; duke u bazuar n&euml; prekje&quot;, tregon Miradije Bu&ccedil;aj, drejtorsh&euml; e organizat&euml;s. &quot;Megjithat&euml;, si nj&euml; grua e verb&euml;r dhe n&euml;n&euml; e dy vajzave, t&euml; p&euml;rgatit&euml;sh ushqim, t&euml; kesh sht&euml;pin&euml; e pastruar, ti kesh rrobat e hekurosura si dhe t&euml; gjitha pun&euml;t e tjera n&euml; sht&euml;pi ti kesh n&euml; rregull, un&euml; mund t&euml; them se nuk &euml;sht&euml; e pamundur p&euml;r k&euml;to gra q&euml; ti arrijn&euml; t&euml; gjitha.&rdquo; <br \/>\nP&euml;rve&ccedil; m&euml;simit t&euml; aft&euml;sive t&euml; reja, projekti gjithashtu mblodhi grat&euml; s&euml; bashku dhe u mund&euml;soi atyre q&euml; t&euml; krijojn&euml; miq&euml;si. P&euml;r grat&euml; q&euml; jet&euml;n sociale e kan&euml; tejet t&euml; kufizuar dhe kan&euml; munges&euml; t&euml; mb&euml;shtetjes nga familjet e tyre, inkurajimi nga mikeshat e reja, q&euml; ballafaqohen me &ccedil;&euml;shtje t&euml; ngjashme, ofron shum&euml; shpres&euml; p&euml;r jet&euml;.<\/p>\n<p style=\"text-align: justify;\">&ldquo;Kjo &euml;sht&euml; nj&euml; sfid&euml; p&euml;r ne&quot;, tregon Yllka. &quot;Por kjo na ndihmon shum&euml; dhe gjithashtu na ofron mund&euml;sin&euml; q&euml; t&euml; bisedojm&euml; me grat&euml; dhe vajzat tjera t&euml; verb&euml;ra.&rdquo;<\/p>\n<p style=\"text-align: justify;\">Grat&euml; q&euml; mor&euml;n pjes&euml; n&euml; k&euml;t&euml; projekt jan&euml; t&euml; gatshme ti ofrojn&euml; at&euml; &ccedil;ka kan&euml; m&euml;suar edhe t&euml; tjer&euml;ve q&euml; jan&euml; t&euml; verb&euml;r.<\/p>\n<p style=\"text-align: justify;\">&ldquo;Ky projekt ishte nj&euml; k&euml;naq&euml;si e ve&ccedil;ant&euml; dhe kam m&euml;suar shum&euml;&quot;, tregon Valmira Berisha, nj&euml; pjes&euml;marr&euml;se tjet&euml;r. &quot;Familjet tona, nuk na lejojn&euml; t&euml; gatuajm&euml; sepse ne jemi t&euml; verb&euml;ra. P&euml;rvoja e t&euml; m&euml;suarit &euml;sht&euml; e jasht&euml;zakonshme. Kam m&euml;suar t&euml; gatuaj jo vet&euml;m p&euml;r veten time, por edhe p&euml;r t&euml; tjer&euml;t. Un&euml; jam b&euml;r&euml; e pavarur.&rdquo;<br \/>\n&nbsp;<\/p>\n","protected":false},"excerpt":{"rendered":"<p>An\u00c3\u00abtaret e Shoqat\u00c3\u00abs s\u00c3\u00ab Personave t\u00c3\u00ab Verb\u00c3\u00abr n\u00c3\u00ab Prizren m\u00c3\u00absojn\u00c3\u00ab t\u00c3\u00ab gatuajn\u00c3\u00ab qofte tradicionale.<\/p>\n","protected":false},"author":1,"featured_media":0,"comment_status":"open","ping_status":"open","sticky":false,"template":"","format":"standard","meta":{"_FSMCFIC_featured_image_caption":"","_FSMCFIC_featured_image_nocaption":"","_FSMCFIC_featured_image_hide":"","footnotes":""},"categories":[72],"tags":[],"class_list":["post-555521","post","type-post","status-publish","format-standard","hentry","category-grantet"],"acf":[],"_links":{"self":[{"href":"https:\/\/womensnetwork.org\/sq\/wp-json\/wp\/v2\/posts\/555521","targetHints":{"allow":["GET"]}}],"collection":[{"href":"https:\/\/womensnetwork.org\/sq\/wp-json\/wp\/v2\/posts"}],"about":[{"href":"https:\/\/womensnetwork.org\/sq\/wp-json\/wp\/v2\/types\/post"}],"author":[{"embeddable":true,"href":"https:\/\/womensnetwork.org\/sq\/wp-json\/wp\/v2\/users\/1"}],"replies":[{"embeddable":true,"href":"https:\/\/womensnetwork.org\/sq\/wp-json\/wp\/v2\/comments?post=555521"}],"version-history":[{"count":0,"href":"https:\/\/womensnetwork.org\/sq\/wp-json\/wp\/v2\/posts\/555521\/revisions"}],"wp:attachment":[{"href":"https:\/\/womensnetwork.org\/sq\/wp-json\/wp\/v2\/media?parent=555521"}],"wp:term":[{"taxonomy":"category","embeddable":true,"href":"https:\/\/womensnetwork.org\/sq\/wp-json\/wp\/v2\/categories?post=555521"},{"taxonomy":"post_tag","embeddable":true,"href":"https:\/\/womensnetwork.org\/sq\/wp-json\/wp\/v2\/tags?post=555521"}],"curies":[{"name":"wp","href":"https:\/\/api.w.org\/{rel}","templated":true}]}}