{"id":3333116,"date":"2013-10-16T13:52:44","date_gmt":"2013-10-16T13:52:44","guid":{"rendered":""},"modified":"2018-11-22T14:27:10","modified_gmt":"2018-11-22T14:27:10","slug":"mlade-zene-u-prizrenu-su-strastvene-o-zagovaranju","status":"publish","type":"post","link":"https:\/\/womensnetwork.org\/sr\/mlade-zene-u-prizrenu-su-strastvene-o-zagovaranju\/","title":{"rendered":"Mlade \u017dene u Prizrenu su Strastvene o Zagovaranju"},"content":{"rendered":"<p>Dinami\u010dni na\u010din \u017eivota ponekad ote\u017eava mladim \u017eenama da se sastanu i razgovara o pitanjima koja uti\u010du na njihova.\u00a0<a href=\"https:\/\/www.facebook.com\/groups\/446587472088043\/?fref=ts%2F\">Inicijative za Osna\u017eivanje Mladih \u017dena (IOM\u017d)<\/a>\u00a0obezbedio prostor za mlade \u017eene iz Prizrena da ukupe snagu na stvaranju strategije zastupanja koje \u010de im pomagati da nadju re\u0161enje na neke od izazova sa kojima se suo\u010davaju u svojoj op\u0161tini.<\/p>\n<div>One su tokom ovog sastanka razvili strategiju zagovaranja za unapre\u0111enje prava \u017eena na obrazovanje i za smanjenje diskriminacije \u017eena na poslu. U diskusiji o \u017eenama na poslu, one su shvatile da se ve\u0107ina radova koje rade \u017eene ne smatra radom, nego \u201e\u017eenska obaveza.\u201c Kao takvi, kuc\u0301ni poslovi, briga o deci i briga o starima u svojoj porodici, na primer, nema nikakvu nov\u010danu naknadu.<\/div>\n<div><\/div>\n<div>\u201eOvaj sastanak je nam pomagao da vidimo stvari iz druga\u010dije perspektive,\u201c rekla je jedna mlada.Mlade \u017eene su razgovarali i o drugim stvarima koje oni suo\u010davaju, uklju\u010duju\u0107i njihov pristup na obrazovanje.<\/div>\n<div><\/div>\n<div>\u201eVeoma zabrinjavaju\u0107e je na primer pitanje, kada porodica jedne mlade \u017eene ka\u017ee da su uradili sve za nju, a da njeno obrazovanje nije potrebno.\u201c rekao je jedna mlada \u017eena. \u201eNa ovaj na\u010din oni odlu\u010duju za svoju c\u0301erku, ne pru\u017eaju\u0107i joj moguc\u0301nost da odlu\u010duje za njenu budu\u0107nost.\u201c<\/div>\n<div><\/div>\n<div>Nakon razmatranja ovih izazova, mlade \u017eene su bile podeljene u grupe, gde su radili na kreiranje strategije koje c\u0301e koristiti da se zala\u017eu promene u svojoj op\u0161tini.<\/div>\n<div>\u201eOvaj sastanak je veoma interesantan\u201c rekla je jedna mlada\u00a0\u017eena \u201eNikad nisam do\u017eivela ovako ne\u0161to ranije. U Prizrenu, ima dosta aktivnosti koje su organizovane za mlade, ali ne onih posebno da osna\u017ee mlade \u017eene da se bore za svoja prava,\u201c dodala je jedna mlada \u017eena.<\/div>\n<p>Prati diskusije mladih \u017eena na Inicijativa za Osna\u017eivanje Mladih \u017dena koristi i dru\u0161tvene medije kao \u0161to su Facebook da bi uklju\u010diti vi\u0161e ljudi\u00a0<u>u inicijativama<\/u>\u00a0mladih \u017eena.<\/p>\n","protected":false},"excerpt":{"rendered":"<p>Mlade \u00c5\u00beene u Prizrenu razgovaraju o pitanjima sa kojima se susre\u00c4\u2021u tokom sastanka Inicijative za osna\u00c5\u00beivanje Mladih \u00c5\u00beena.<\/p>\n","protected":false},"author":1,"featured_media":0,"comment_status":"open","ping_status":"open","sticky":false,"template":"","format":"standard","meta":{"_FSMCFIC_featured_image_caption":"","_FSMCFIC_featured_image_nocaption":"","_FSMCFIC_featured_image_hide":"","footnotes":""},"categories":[89,85,59],"tags":[],"class_list":["post-3333116","post","type-post","status-publish","format-standard","hentry","category-izgradnja-kapaciteta-mzk","category-nasi-programi","category-vesti"],"acf":[],"_links":{"self":[{"href":"https:\/\/womensnetwork.org\/sr\/wp-json\/wp\/v2\/posts\/3333116","targetHints":{"allow":["GET"]}}],"collection":[{"href":"https:\/\/womensnetwork.org\/sr\/wp-json\/wp\/v2\/posts"}],"about":[{"href":"https:\/\/womensnetwork.org\/sr\/wp-json\/wp\/v2\/types\/post"}],"author":[{"embeddable":true,"href":"https:\/\/womensnetwork.org\/sr\/wp-json\/wp\/v2\/users\/1"}],"replies":[{"embeddable":true,"href":"https:\/\/womensnetwork.org\/sr\/wp-json\/wp\/v2\/comments?post=3333116"}],"version-history":[{"count":2,"href":"https:\/\/womensnetwork.org\/sr\/wp-json\/wp\/v2\/posts\/3333116\/revisions"}],"predecessor-version":[{"id":3338356,"href":"https:\/\/womensnetwork.org\/sr\/wp-json\/wp\/v2\/posts\/3333116\/revisions\/3338356"}],"wp:attachment":[{"href":"https:\/\/womensnetwork.org\/sr\/wp-json\/wp\/v2\/media?parent=3333116"}],"wp:term":[{"taxonomy":"category","embeddable":true,"href":"https:\/\/womensnetwork.org\/sr\/wp-json\/wp\/v2\/categories?post=3333116"},{"taxonomy":"post_tag","embeddable":true,"href":"https:\/\/womensnetwork.org\/sr\/wp-json\/wp\/v2\/tags?post=3333116"}],"curies":[{"name":"wp","href":"https:\/\/api.w.org\/{rel}","templated":true}]}}