{"id":3333136,"date":"2014-01-07T20:00:13","date_gmt":"2014-01-07T20:00:13","guid":{"rendered":""},"modified":"2018-11-22T14:47:54","modified_gmt":"2018-11-22T14:47:54","slug":"sedam-ukljucuje-aktiviste-za-prava-zena-na-kosovu","status":"publish","type":"post","link":"https:\/\/womensnetwork.org\/sr\/sedam-ukljucuje-aktiviste-za-prava-zena-na-kosovu\/","title":{"rendered":"SEDAM Uklju\u010duje Aktiviste za Prava \u017dena na Kosovu"},"content":{"rendered":"<div style=\"text-align: justify;\">30 septembra, inovativni dokumentarac \u201eSEDAM\u201c, bio je prikazan u Domu Omladine i Sporta u Pri\u0161tini. SEDAM je \u0161vedski dokumentarni film koji prikazuje pri\u010de o sedam aktivistkinja \u017eenskih prava \u0161irom sveta, uklju\u010duju\u0107i i \u017eene iz Nigerije, Avganistana, Pakistana, Rusije Severne Irske, Kambod\u017ei i Gvatemali.<br \/>\nInovativni koncept emisije podrazumeva dovo\u0111enje na sceni sedam aktivistkinja prava \u017eena, javnih li\u010dnosti i politi\u010dara kako bi pro\u010ditali pri\u010de o sedam prikazanih \u017eena na filmu.<br \/>\nAnsambl Kosova u SEDAM se sastojao od: Suzana Novoberdaliu, \u010clanica Parlamenta Republike Kosova i Predsedavaju\u0107a Skup\u0161tinskog Komiteta za Ljudska Prava; Anamari Repi\u0107, Zamenica Direktora Javne Televizijske Stanice RTK; Saranda Bogujevci, umetnica i pre\u017eivela u masakri porodice Bogujevci, koja se dogodila u martu 1999 godine; Rajmonda Sylbije(Sulbije), Aktivistkinja Ljudskih prava iz NVO CEL; Linda Gusia, sociolog i feministkinja; Vesa Qena (\u0106ena), dramaturg i izvo\u0111a\u010d u izvo\u0111a\u010dkoj grupi \u201eHave It\u201c; i Shpresa Agushi (\u0160presa Agu\u0161i), Direktorica mre\u017ee \u017eenskih organizacija Roma, Ashkalija i Egip\u0107ana na Kosovu.<br \/>\nSEDAM je prvobitno kreiran od Paula Cizmar, Catherine Filloux, Gail Kriegel, Carol K. Mack, Ruth Margraff, Anna Deveare-Smith i Susan Yankowitz, zajedno sa \u201eVital Voices Global Partnership\u201c. \u201eThe Swedish International Development Cooperation Agency (Sida)\u201c i \u201eCivil Rights Defenders\u201c (CRD) podr\u017eali su prikazivanje SEDAM na Kosovu.<\/div>\n","protected":false},"excerpt":{"rendered":"<p>Inovativni dokumentarac \u00e2\u20ac\u017eSEDAM\u00e2\u20ac\u0153 je bio prikazan 30 Novembra, u Domu Omladine i Sporta u Pri\u00c5\u00a1tini.<\/p>\n","protected":false},"author":1,"featured_media":0,"comment_status":"open","ping_status":"open","sticky":false,"template":"","format":"standard","meta":{"_FSMCFIC_featured_image_caption":"","_FSMCFIC_featured_image_nocaption":"","_FSMCFIC_featured_image_hide":"","footnotes":""},"categories":[59],"tags":[],"class_list":["post-3333136","post","type-post","status-publish","format-standard","hentry","category-vesti"],"acf":[],"_links":{"self":[{"href":"https:\/\/womensnetwork.org\/sr\/wp-json\/wp\/v2\/posts\/3333136","targetHints":{"allow":["GET"]}}],"collection":[{"href":"https:\/\/womensnetwork.org\/sr\/wp-json\/wp\/v2\/posts"}],"about":[{"href":"https:\/\/womensnetwork.org\/sr\/wp-json\/wp\/v2\/types\/post"}],"author":[{"embeddable":true,"href":"https:\/\/womensnetwork.org\/sr\/wp-json\/wp\/v2\/users\/1"}],"replies":[{"embeddable":true,"href":"https:\/\/womensnetwork.org\/sr\/wp-json\/wp\/v2\/comments?post=3333136"}],"version-history":[{"count":1,"href":"https:\/\/womensnetwork.org\/sr\/wp-json\/wp\/v2\/posts\/3333136\/revisions"}],"predecessor-version":[{"id":3338382,"href":"https:\/\/womensnetwork.org\/sr\/wp-json\/wp\/v2\/posts\/3333136\/revisions\/3338382"}],"wp:attachment":[{"href":"https:\/\/womensnetwork.org\/sr\/wp-json\/wp\/v2\/media?parent=3333136"}],"wp:term":[{"taxonomy":"category","embeddable":true,"href":"https:\/\/womensnetwork.org\/sr\/wp-json\/wp\/v2\/categories?post=3333136"},{"taxonomy":"post_tag","embeddable":true,"href":"https:\/\/womensnetwork.org\/sr\/wp-json\/wp\/v2\/tags?post=3333136"}],"curies":[{"name":"wp","href":"https:\/\/api.w.org\/{rel}","templated":true}]}}