{"id":3333140,"date":"2014-01-07T20:13:33","date_gmt":"2014-01-07T20:13:33","guid":{"rendered":""},"modified":"2018-11-22T14:50:57","modified_gmt":"2018-11-22T14:50:57","slug":"mzk-deli-zahvale-umetnicima-koji-doprinose-u-pravima-zena","status":"publish","type":"post","link":"https:\/\/womensnetwork.org\/sr\/mzk-deli-zahvale-umetnicima-koji-doprinose-u-pravima-zena\/","title":{"rendered":"M\u017dK deli zahvale umetnicima koji doprinose u pravima \u017eena"},"content":{"rendered":"<p>Oko 120 predstavnika organizacija \u010dlanica M\u017dK-a, donatora, partnera, pristalica i medija, prisustvovali su godi\u0161njem sastanku 11 po redu \u010dlanstva Mre\u017ee \u017dena Kosova, je bio odr\u017ean 7 decembra u Trgu 21, u Pri\u0161tini. Tokom sastanka, M\u017dK je podelio zahvale 17 umetnika i organizacija koje su doprineli unapre\u0111enju prava \u017eena i devojaka.<br \/>\n\u201eOvaj doga\u0111aj je bio veoma dobar i neophodan\u201c, rekla je Kadire Tahiraj iz Centra za Promociju \u017denskih Prava. \u201ePosao koji je M\u017dK uradio ove godine bio je veoma uspe\u0161an. M\u017dK je jedino mesto gde organizacije \u017eena mogu da na\u0111u podr\u0161ku.\u201c<br \/>\nNakon nastupa \u017denskog hora \u201eLira\u201c, Ariana Qosaj (\u0106osaj)-Mustafa, Predsednica upravnog odbora je otvorila sastanak. U ime M\u017dK-a, ona je podelila zahvale slede\u0107im umetnicima za njihov doprinos u pravima \u017eena i devojaka: NVO Artpolis, Arta Dobroshi(Dobro\u0161i), Antoneta Kastrati, Blerta Zeqiri(Ze\u0107iri), Burbuqe Berisha (Burbu\u0107e Beri\u0161a), Doruntina Basha(Ba\u0161a), Eliza Hoxha (Hod\u017ea), Flaka Haliti, HAVE IT, Iliriana Loxha-Basha(Lod\u017ea-Ba\u0161a), Kaltrina Krasniqi(Krasni\u0107i), \u201eLira\u201d Hor \u017dena, Rona Nishliu(Ni\u0161liu), Rita Ora, Sevdie Kastrati, Venera Mustafa i Zake Prelvukaj.<br \/>\nNakon toga je Izvr\u0161na Direktorica M\u017dK-a, Igbale Rogova izvestila \u010dlanovima u vezi rada M\u017dK-a i dostignu\u0107ima u 2013 godini, prikazuju\u0107i kratke filmove kako bi ispri\u010dala na\u0161u pri\u010du. Nermin Mahmuti, \u010dlan Borda M\u017dK-a i \u010dlan odbora za razmatranje Kosovskog Fonda \u017dena, govorio je o izazovima sa kojima su se suo\u010dili i rezultatima Fonda u ovoj godini. Predstavnici slede\u0107ih organizacija \u010dlanica koje su dobile grantove iz Fonda tako\u0111e su podelili svoja iskustva, izazove i uspehe: Udru\u017eenje Distrofi\u010dara Kosova iz Prizrena; Rikotta iz Pri\u0161tine; Komitet Slepih \u017dena Kosova iz Pri\u0161tine; i Centar za Promovisanje Prava \u017dena iz Glogovca.<br \/>\n\u201eM\u017dK je osna\u017eio sve nas \u010dlanice organizacije koje radimo za \u017eenska prava\u201d, rekla je jedna \u010dlanica. \u201eStvaranje Kosovskog Fonda \u017dena je od velikog zna\u010daja, jer je organizacijama kojima su nedostajala sredstva dala priliku da rade.\u201c<br \/>\nTokom sastanka, \u010dlanovi su popunili anonimne formulare za procenu u pogledu u\u010dinka M\u017dK-a u 2013 godini, a rezultati procene \u0107e biti distribuirani u 2014 godini. Proces procenjivanja pru\u017ea \u010dlanovima mogu\u0107nost da izraze svoja mi\u0161ljenja, kao i njihove potrebe i zahteve za budu\u0107e usluge M\u017dK-a.<br \/>\n\u010clanovi M\u017dK-a su tako\u0111e izabrali tri nova \u010dlana Odbora, kao deo redovnog procesa rotiranja odbora. Novi \u010dlanovi sedmo\u010dlanog odbora M\u017dK-a su: Sevdije Ahmeti (48 glasova), Zana (Hod\u017ea-Krasni\u0107i) Hoxha-Krasniqi (36 glasova) i Belgjyzare Muharremi (Bel\u0111uzare Muharemi) (29 glasova). \u010clanovi su se tako\u0111e slo\u017eili da Sevdije Ahmeti treba da ostane stalni \u010dlan odbora M\u017dK-a. Svi \u010dlanovi koji su bili prisutni na sastanku su jednoglasno usvojili ovaj predlog. Ostali kandidati koji nisu dobili dovoljno glasova za ulazak u odbor M\u017dK-a su bili Valdete Idrizi (24 glasova), Sarah Maliqi (Mali\u0107i) (16 glasova) i Nita Luci (13 glasova).<br \/>\n\u201eZadovoljstvo mi je da budem deo godi\u0161njeg 11 sastanka \u010dlanova M\u017dK-a,\u201c rekla je Drita Vukshinaj (Vuk\u0161inaj) iz Udru\u017eenja \u017eena sa invaliditetom \u201e\u017dene za \u017eene\u201c. \u201eM\u017dK okuplja sve nas i izvje\u0161tava nam rad koji su oni uradili. Oni su veoma transparentni. Oni su osna\u017eili ne samo mene, ve\u0107 sve organizacije koje su deo ove mre\u017ee\u201c.<\/p>\n","protected":false},"excerpt":{"rendered":"<p>M\u00c5\u00bdK sakuplja 120 u\u00c4\u008desnika na svom jedanaestom po redu Godi\u00c5\u00a1njem Sastanku \u00c4\u0152lanova, odr\u00c5\u00beano 7 Decembra 2013 godine, na Trgu 21, u Pri\u00c5\u00a1tini.<\/p>\n","protected":false},"author":1,"featured_media":0,"comment_status":"open","ping_status":"open","sticky":false,"template":"","format":"standard","meta":{"_FSMCFIC_featured_image_caption":"","_FSMCFIC_featured_image_nocaption":"","_FSMCFIC_featured_image_hide":"","footnotes":""},"categories":[59],"tags":[],"class_list":["post-3333140","post","type-post","status-publish","format-standard","hentry","category-vesti"],"acf":[],"_links":{"self":[{"href":"https:\/\/womensnetwork.org\/sr\/wp-json\/wp\/v2\/posts\/3333140","targetHints":{"allow":["GET"]}}],"collection":[{"href":"https:\/\/womensnetwork.org\/sr\/wp-json\/wp\/v2\/posts"}],"about":[{"href":"https:\/\/womensnetwork.org\/sr\/wp-json\/wp\/v2\/types\/post"}],"author":[{"embeddable":true,"href":"https:\/\/womensnetwork.org\/sr\/wp-json\/wp\/v2\/users\/1"}],"replies":[{"embeddable":true,"href":"https:\/\/womensnetwork.org\/sr\/wp-json\/wp\/v2\/comments?post=3333140"}],"version-history":[{"count":1,"href":"https:\/\/womensnetwork.org\/sr\/wp-json\/wp\/v2\/posts\/3333140\/revisions"}],"predecessor-version":[{"id":3338389,"href":"https:\/\/womensnetwork.org\/sr\/wp-json\/wp\/v2\/posts\/3333140\/revisions\/3338389"}],"wp:attachment":[{"href":"https:\/\/womensnetwork.org\/sr\/wp-json\/wp\/v2\/media?parent=3333140"}],"wp:term":[{"taxonomy":"category","embeddable":true,"href":"https:\/\/womensnetwork.org\/sr\/wp-json\/wp\/v2\/categories?post=3333140"},{"taxonomy":"post_tag","embeddable":true,"href":"https:\/\/womensnetwork.org\/sr\/wp-json\/wp\/v2\/tags?post=3333140"}],"curies":[{"name":"wp","href":"https:\/\/api.w.org\/{rel}","templated":true}]}}