{"id":3333157,"date":"2014-03-03T11:30:30","date_gmt":"2014-03-03T11:30:30","guid":{"rendered":""},"modified":"2018-11-22T15:00:20","modified_gmt":"2018-11-22T15:00:20","slug":"udruzenje-zenska-inicijativa-pomaze-devojke-da-zastupaju","status":"publish","type":"post","link":"https:\/\/womensnetwork.org\/sr\/udruzenje-zenska-inicijativa-pomaze-devojke-da-zastupaju\/","title":{"rendered":"Udru\u017eenje \u017eenska inicijativa Poma\u017ee Devojke da zastupaju"},"content":{"rendered":"<p>Udru\u017eenje \u2019Iniciativa e Grave\u201c (\u017denska Inicijativa) iz Draga\u0161a, zajedno sa slu\u017ebenikom za rodnu ravnopravnost, Gospo\u0111a, Lindita Kozmaqi-Piraj, organizovali su sastanak izme\u0111u gradona\u010delnika Draga\u0161 Gosp. Salim Januzaj i grupa devojaka iz Opoji.<\/p>\n<p>Tokom susreta sa gradona\u010delnikom devojke predstavili su dve pismeni zahteva: Finansijska podr\u0161ka za nastavak \u0161iva\u0107e kurseve za dva meseca i da gradona\u010delnik posredova za njihovo zapo\u0161ljavanje u fabrika koja c\u0301e uskoro biti otvorena.<br \/>\nGradona\u010delnik je odobrio prvi zahtev da podr\u017ei kurs, dok za posredovanje za njihove zapo\u0161ljavanje u fabriku su se dogovorili da koordiniraju aktivnosti izme\u0111u civilnog dru\u0161tva, institucija i vlasnik fabrike.<br \/>\nAli to nisu bili jedini teme za koje devojke su razgovarali, oni su tako\u0111e razgovarali sa gradona\u010delnikom da on smanji broj nepismenih devojaka iz op\u0161tine Draga\u0161. Oni su se slo\u017eili za ovu godinu da po\u010dnu saneformalnog obrazovanja. On je tako\u0111e obe\u0107ao u\u010de\u0161\u0107e op\u0161tinskog bud\u017eeta za obrazovanje.<br \/>\n\u0110ejrane Lokaj iz \u201eIniciativa e Grave\u201c (\u017denska Inicijativa) je obe\u0107ala da c\u0107e dati svoju podr\u0161ku i stru\u010dnost u pomaganju devojke za postizanje njihove dugoro\u010dne ciljeve<\/p>\n","protected":false},"excerpt":{"rendered":"<p>Udru\u017eenje \u2019Iniciativa e Grave\u201c (\u017denska Inicijativa) iz Draga\u0161a, zajedno sa slu\u017ebenikom za rodnu ravnopravnost, Gospo\u0111a, Lindita Kozmaqi-Piraj, organizovali su sastanak izme\u0111u gradona\u010delnika Draga\u0161 Gosp. Salim Januzaj i grupa devojaka iz Opoji. Tokom susreta sa gradona\u010delnikom devojke predstavili su dve pismeni zahteva: Finansijska podr\u0161ka za nastavak \u0161iva\u0107e kurseve za dva meseca i da gradona\u010delnik posredova za [&hellip;]<\/p>\n","protected":false},"author":1,"featured_media":0,"comment_status":"open","ping_status":"open","sticky":false,"template":"","format":"standard","meta":{"_FSMCFIC_featured_image_caption":"","_FSMCFIC_featured_image_nocaption":"","_FSMCFIC_featured_image_hide":"","footnotes":""},"categories":[59],"tags":[],"class_list":["post-3333157","post","type-post","status-publish","format-standard","hentry","category-vesti"],"acf":[],"_links":{"self":[{"href":"https:\/\/womensnetwork.org\/sr\/wp-json\/wp\/v2\/posts\/3333157","targetHints":{"allow":["GET"]}}],"collection":[{"href":"https:\/\/womensnetwork.org\/sr\/wp-json\/wp\/v2\/posts"}],"about":[{"href":"https:\/\/womensnetwork.org\/sr\/wp-json\/wp\/v2\/types\/post"}],"author":[{"embeddable":true,"href":"https:\/\/womensnetwork.org\/sr\/wp-json\/wp\/v2\/users\/1"}],"replies":[{"embeddable":true,"href":"https:\/\/womensnetwork.org\/sr\/wp-json\/wp\/v2\/comments?post=3333157"}],"version-history":[{"count":1,"href":"https:\/\/womensnetwork.org\/sr\/wp-json\/wp\/v2\/posts\/3333157\/revisions"}],"predecessor-version":[{"id":3338414,"href":"https:\/\/womensnetwork.org\/sr\/wp-json\/wp\/v2\/posts\/3333157\/revisions\/3338414"}],"wp:attachment":[{"href":"https:\/\/womensnetwork.org\/sr\/wp-json\/wp\/v2\/media?parent=3333157"}],"wp:term":[{"taxonomy":"category","embeddable":true,"href":"https:\/\/womensnetwork.org\/sr\/wp-json\/wp\/v2\/categories?post=3333157"},{"taxonomy":"post_tag","embeddable":true,"href":"https:\/\/womensnetwork.org\/sr\/wp-json\/wp\/v2\/tags?post=3333157"}],"curies":[{"name":"wp","href":"https:\/\/api.w.org\/{rel}","templated":true}]}}