{"id":3333161,"date":"2014-03-03T11:56:02","date_gmt":"2014-03-03T11:56:02","guid":{"rendered":""},"modified":"2018-11-22T15:03:08","modified_gmt":"2018-11-22T15:03:08","slug":"8-mart-zene-traze-adresu-pravdu-za-nestala-lica","status":"publish","type":"post","link":"https:\/\/womensnetwork.org\/sr\/8-mart-zene-traze-adresu-pravdu-za-nestala-lica\/","title":{"rendered":"8 Mart: \u017dene Tra\u017ee Adresu, Pravdu za Nestala Lica"},"content":{"rendered":"<div style=\"margin-bottom: 0.0001pt;\">\n<div>Na 8 Martu 2014, Me\u0111unarodnog Dana \u017dena, na inicijativu Udru\u017eenja &#8222;<i>Thirjet E Nenave<\/i>&#8220; (Poziv Majke),\u00a0<a href=\"http:\/\/www.womensnetwork.org\/?message=true&amp;FaqeID=16\">M\u017dK<\/a>\u00a0c\u0301e organizovati protest za podr\u0161ku majke, supruge, sestre i \u0107erke nestalih lica sa motom: &#8222;Mi smo sa vama. &#8222;M\u017dK i \u201c<i>Thirjet E Nenave<\/i><i>\u201d<\/i>\u00a0(Poziv Majke) pozove gra\u0111ane na &#8222;Zahir Pajaziti&#8220; trg na 11:3 0, od kojih c\u0301e mar\u0161irati na 12:00 do Skup\u0161tini Kosova.<\/div>\n<div>\u00a0 \u00a0 \u00a0 \u00a0 Pre godinu dana, fotografije nestalih lica su uklonjeni iz ograde Skup\u0161tine Kosova uz obe\u0107anje da c\u0301e spomenik biti izgra\u0111en za nestala lica. Ovaj obe\u0107aj nije realizovan.<\/div>\n<p>&#8222;Za 15 godina oni su zapostavili i prevarili nama, dok kriminalci hodaju slobodno&#8220;, rekao je Nesrete Kumnova, \u0161efica\u00a0<i>\u2019\u2019Thirrjet e Nenave\u2019\u2019<\/i>\u00a0(Poziv Majke). &#8222;\u010cak i oni koji su ka\u017enjeni primali su niske ili smanjene kazne. Nije imalo pravde za hiljade ljudi koji su ubijeni, silovani i su nestali. Mi \u0107emo vratiti fotografije nestalih lica, gde su bili, jer slu\u010daj nestalih lica je i dalje nere\u0161en.<\/p>\n<\/div>\n","protected":false},"excerpt":{"rendered":"<p>Nesrete Kumnovaz <\/p>\n","protected":false},"author":1,"featured_media":0,"comment_status":"open","ping_status":"open","sticky":false,"template":"","format":"standard","meta":{"_FSMCFIC_featured_image_caption":"","_FSMCFIC_featured_image_nocaption":"","_FSMCFIC_featured_image_hide":"","footnotes":""},"categories":[59],"tags":[],"class_list":["post-3333161","post","type-post","status-publish","format-standard","hentry","category-vesti"],"acf":[],"_links":{"self":[{"href":"https:\/\/womensnetwork.org\/sr\/wp-json\/wp\/v2\/posts\/3333161","targetHints":{"allow":["GET"]}}],"collection":[{"href":"https:\/\/womensnetwork.org\/sr\/wp-json\/wp\/v2\/posts"}],"about":[{"href":"https:\/\/womensnetwork.org\/sr\/wp-json\/wp\/v2\/types\/post"}],"author":[{"embeddable":true,"href":"https:\/\/womensnetwork.org\/sr\/wp-json\/wp\/v2\/users\/1"}],"replies":[{"embeddable":true,"href":"https:\/\/womensnetwork.org\/sr\/wp-json\/wp\/v2\/comments?post=3333161"}],"version-history":[{"count":1,"href":"https:\/\/womensnetwork.org\/sr\/wp-json\/wp\/v2\/posts\/3333161\/revisions"}],"predecessor-version":[{"id":3338419,"href":"https:\/\/womensnetwork.org\/sr\/wp-json\/wp\/v2\/posts\/3333161\/revisions\/3338419"}],"wp:attachment":[{"href":"https:\/\/womensnetwork.org\/sr\/wp-json\/wp\/v2\/media?parent=3333161"}],"wp:term":[{"taxonomy":"category","embeddable":true,"href":"https:\/\/womensnetwork.org\/sr\/wp-json\/wp\/v2\/categories?post=3333161"},{"taxonomy":"post_tag","embeddable":true,"href":"https:\/\/womensnetwork.org\/sr\/wp-json\/wp\/v2\/tags?post=3333161"}],"curies":[{"name":"wp","href":"https:\/\/api.w.org\/{rel}","templated":true}]}}