{"id":3333170,"date":"2014-04-08T18:27:56","date_gmt":"2014-04-08T18:27:56","guid":{"rendered":""},"modified":"2018-11-22T15:10:28","modified_gmt":"2018-11-22T15:10:28","slug":"zvanicnici-kfor-uce-od-aktivista-prava-zena-iskustva-doprinose-na-sprovodenju-unscr-1325","status":"publish","type":"post","link":"https:\/\/womensnetwork.org\/sr\/zvanicnici-kfor-uce-od-aktivista-prava-zena-iskustva-doprinose-na-sprovodenju-unscr-1325\/","title":{"rendered":"Zvani\u010dnici KFOR U\u010de od Aktivista Prava \u017dena Iskustva, Doprinose na Sprovo\u0111enju  UNSCR 1325"},"content":{"rendered":"<p style=\"text-align: justify;\">Datumom 14 Mart, Zapovednik NATO Snaga na Kosovu (KFOR), Major-General Salvatore FARINA, je do\u010dekao aktiviste za prava \u017eena da razgovaraju sa visokim zvani\u010dnicima u vezi sa polo\u017eajem \u017eena na Kosovu. Izvr\u0161ni Direktor M\u017dK Igballe Rogova je informisala zvani\u010dnike KFOR, pru\u017eanjem hronologije uklju\u010divanja \u017eena u procesima mira po\u010dev\u0161i od 1994 godine.<br \/>\nTo uklju\u010duje u\u010de\u0161\u0107e aktivista Kosova na sastancima \u017dene u Crnom u biv\u0161oj Jugoslaviji, koja su oja\u010dala pozitivne odnose me\u0111u etni\u010dkim grupama, olak\u0161avaju\u0107i posleratne procese izgradnje mira. \u201cOvo iskustvo nas je u\u010dilo da mrzimo Srpski re\u017eim ali ne i Srpski narod,\u201d izjavila je ona. Rogova je tako\u0111e podvukla da novac ne mo\u017ee kupiti pomirenje i da saradnja me\u0111u etni\u010dkim grupama mora da nastupi \u201cu na\u0161em vremenu i na na\u0161 na\u010din.\u201d Da bi dokazala to, ona je delila pri\u010de sa zalaganja M\u017dK za izgradnju odnosa me\u0111u Srbima i Albancima jo\u0161 od 2000 godine. Rogova je tako\u0111e podvukla va\u017enost uklju\u010divanja mu\u0161karaca u daljem unapre\u0111enju polne ravnopravnosti u post konfliktnim situacijama.<br \/>\nAferdita Sylaj sa Community Building Mitrovica (CBM) je tako\u0111e govorila u vezi sa ulogom koju je odigrala njena organizacija u izgradnji odnosa izme\u0111u razli\u010ditih etni\u010dkih grupa koji \u017eive u Severnoj Mitrovici.<br \/>\nOvi razgovori na visokom nivou su odr\u017eani nakon sastanka izme\u0111u Rogova, Polnog Savetnika KFOR-a Lotta Ekvall i Zapovednika KFOR Major-General Salvatore Farina u Film City, Pri\u0161tina datumom 14 Mart. Tokom sastanka oni su razgovarali politi\u010dka pitanja, lokalne izbore i situaciju \u017eena na Kosovu.<br \/>\nM\u017dK pozdravlja i zahvaljuje se KFOR-u za ove zadnje napore za sprovo\u0111enje UNSCR 1325 konsultiraju\u0107i aktiviste \u017eenskih prava u vezi sa posebnim potrebama \u017eena i devojaka u post-konfliktnom kontekstu na Kosovu.<\/p>\n","protected":false},"excerpt":{"rendered":"<p>Datumom 14 Mart, Zapovednik NATO Snaga na Kosovu (KFOR), Major-General Salvatore FARINA, je do\u010dekao aktiviste za prava \u017eena da razgovaraju sa visokim zvani\u010dnicima u vezi sa polo\u017eajem \u017eena na Kosovu. Izvr\u0161ni Direktor M\u017dK Igballe Rogova je informisala zvani\u010dnike KFOR, pru\u017eanjem hronologije uklju\u010divanja \u017eena u procesima mira po\u010dev\u0161i od 1994 godine. To uklju\u010duje u\u010de\u0161\u0107e aktivista Kosova [&hellip;]<\/p>\n","protected":false},"author":1,"featured_media":0,"comment_status":"open","ping_status":"open","sticky":false,"template":"","format":"standard","meta":{"_FSMCFIC_featured_image_caption":"","_FSMCFIC_featured_image_nocaption":"","_FSMCFIC_featured_image_hide":"","footnotes":""},"categories":[59],"tags":[],"class_list":["post-3333170","post","type-post","status-publish","format-standard","hentry","category-vesti"],"acf":[],"_links":{"self":[{"href":"https:\/\/womensnetwork.org\/sr\/wp-json\/wp\/v2\/posts\/3333170","targetHints":{"allow":["GET"]}}],"collection":[{"href":"https:\/\/womensnetwork.org\/sr\/wp-json\/wp\/v2\/posts"}],"about":[{"href":"https:\/\/womensnetwork.org\/sr\/wp-json\/wp\/v2\/types\/post"}],"author":[{"embeddable":true,"href":"https:\/\/womensnetwork.org\/sr\/wp-json\/wp\/v2\/users\/1"}],"replies":[{"embeddable":true,"href":"https:\/\/womensnetwork.org\/sr\/wp-json\/wp\/v2\/comments?post=3333170"}],"version-history":[{"count":1,"href":"https:\/\/womensnetwork.org\/sr\/wp-json\/wp\/v2\/posts\/3333170\/revisions"}],"predecessor-version":[{"id":3338435,"href":"https:\/\/womensnetwork.org\/sr\/wp-json\/wp\/v2\/posts\/3333170\/revisions\/3338435"}],"wp:attachment":[{"href":"https:\/\/womensnetwork.org\/sr\/wp-json\/wp\/v2\/media?parent=3333170"}],"wp:term":[{"taxonomy":"category","embeddable":true,"href":"https:\/\/womensnetwork.org\/sr\/wp-json\/wp\/v2\/categories?post=3333170"},{"taxonomy":"post_tag","embeddable":true,"href":"https:\/\/womensnetwork.org\/sr\/wp-json\/wp\/v2\/tags?post=3333170"}],"curies":[{"name":"wp","href":"https:\/\/api.w.org\/{rel}","templated":true}]}}