{"id":3333172,"date":"2014-04-08T18:34:19","date_gmt":"2014-04-08T18:34:19","guid":{"rendered":""},"modified":"2018-11-22T15:12:00","modified_gmt":"2018-11-22T15:12:00","slug":"sudbina-nestalih-lica-kosova-ostaje-nerazjasnjeno","status":"publish","type":"post","link":"https:\/\/womensnetwork.org\/sr\/sudbina-nestalih-lica-kosova-ostaje-nerazjasnjeno\/","title":{"rendered":"Sudbina Nestalih Lica Kosova Ostaje Nerazja\u0161njeno"},"content":{"rendered":"<p style=\"text-align: justify;\">I ove godine na Me\u0111unarodnom Danu \u017dena 8 Mart, M\u017dK su iza\u0161li na ulicu, podr\u017eavaju\u0107i inicijativu udru\u017eenja Thirrjet e N\u00ebnave (Zov Majki). Zov Majki i M\u017dK organizirali su demonstraciju u solidarnost sa majkama, \u017eenama, sestrama i \u0107erkama nestalih lica sa motom: \u201cMi smo sa vama.\u201d Pribli\u017eno 200 ljudi su mar\u0161irali sa Trga Zahir Pajaziti do Skup\u0161tine Kosova, pokretanjem pa\u017enje na jo\u0161 uvek nere\u0161eno pitanje sudbine nestalih lica na Kosovu.<br \/>\nDok Kosovari su proslavili Me\u0111unarodni Dan \u017dena, \u017eene su podigle svoj glas i podsetili svakoga da oni nemaju \u010dlanove porodice sa kojima mogu da proslave; nakon 15 godina, njihovi \u010dlanovi porodice ostaju jo\u0161 uvek nestali. One su tako\u0111e \u017eelele da zamene fotografije nestalih lica, koje su otklonjene sa kapije Skup\u0161tine Kosova. \u201cZa 15 godina institucije su zanemarivale i prevarila nas, dok kriminalci ostaju slobodni,\u201d istakla je Nesrete Kumnova, Predsednica Zova Majki. \u201c\u010cak i oni koji su ka\u017enjeni dobili su male kazne. Nije bilo pravde za hiljade lica koja su ubijena, silovani i nestali. Mi \u0107emo vratiti fotografije nestalih lica gde su ranije bile jer slu\u010daj nestalih lica ostaje nere\u0161eno.\u201d<br \/>\nDemonstranti su ponovo postavili slike nestalih lica van Skup\u0161tine, podse\u0107aju\u0107i zvani\u010dnike u vezi sa nestalim licima u vezi sa njihovom du\u017eno\u0161\u0107u da re\u0161e ovo pitanje. Me\u0111u demonstrantima je bio i Gradona\u010delnik Pri\u0161tine \u0160pend Ahmeti sa njegovom decom. Desetine mladih mu\u0161karaca i \u017eena kao i delegacija sa Ju\u017enog Kavkaza su se tako\u0111e pridru\u017eili demonstracijama.<\/p>\n","protected":false},"excerpt":{"rendered":"<p>I ove godine na Me\u0111unarodnom Danu \u017dena 8 Mart, M\u017dK su iza\u0161li na ulicu, podr\u017eavaju\u0107i inicijativu udru\u017eenja Thirrjet e N\u00ebnave (Zov Majki). Zov Majki i M\u017dK organizirali su demonstraciju u solidarnost sa majkama, \u017eenama, sestrama i \u0107erkama nestalih lica sa motom: \u201cMi smo sa vama.\u201d Pribli\u017eno 200 ljudi su mar\u0161irali sa Trga Zahir Pajaziti do [&hellip;]<\/p>\n","protected":false},"author":1,"featured_media":0,"comment_status":"open","ping_status":"open","sticky":false,"template":"","format":"standard","meta":{"_FSMCFIC_featured_image_caption":"","_FSMCFIC_featured_image_nocaption":"","_FSMCFIC_featured_image_hide":"","footnotes":""},"categories":[59],"tags":[],"class_list":["post-3333172","post","type-post","status-publish","format-standard","hentry","category-vesti"],"acf":[],"_links":{"self":[{"href":"https:\/\/womensnetwork.org\/sr\/wp-json\/wp\/v2\/posts\/3333172","targetHints":{"allow":["GET"]}}],"collection":[{"href":"https:\/\/womensnetwork.org\/sr\/wp-json\/wp\/v2\/posts"}],"about":[{"href":"https:\/\/womensnetwork.org\/sr\/wp-json\/wp\/v2\/types\/post"}],"author":[{"embeddable":true,"href":"https:\/\/womensnetwork.org\/sr\/wp-json\/wp\/v2\/users\/1"}],"replies":[{"embeddable":true,"href":"https:\/\/womensnetwork.org\/sr\/wp-json\/wp\/v2\/comments?post=3333172"}],"version-history":[{"count":1,"href":"https:\/\/womensnetwork.org\/sr\/wp-json\/wp\/v2\/posts\/3333172\/revisions"}],"predecessor-version":[{"id":3338440,"href":"https:\/\/womensnetwork.org\/sr\/wp-json\/wp\/v2\/posts\/3333172\/revisions\/3338440"}],"wp:attachment":[{"href":"https:\/\/womensnetwork.org\/sr\/wp-json\/wp\/v2\/media?parent=3333172"}],"wp:term":[{"taxonomy":"category","embeddable":true,"href":"https:\/\/womensnetwork.org\/sr\/wp-json\/wp\/v2\/categories?post=3333172"},{"taxonomy":"post_tag","embeddable":true,"href":"https:\/\/womensnetwork.org\/sr\/wp-json\/wp\/v2\/tags?post=3333172"}],"curies":[{"name":"wp","href":"https:\/\/api.w.org\/{rel}","templated":true}]}}