{"id":3333185,"date":"2014-05-30T16:38:19","date_gmt":"2014-05-30T16:38:19","guid":{"rendered":""},"modified":"2018-11-22T15:40:48","modified_gmt":"2018-11-22T15:40:48","slug":"mlade-zene-mobilisu-solidarnost-izvan-granica","status":"publish","type":"post","link":"https:\/\/womensnetwork.org\/sr\/mlade-zene-mobilisu-solidarnost-izvan-granica\/","title":{"rendered":"Mlade \u017dene Mobili\u0161u Solidarnost Izvan Granica"},"content":{"rendered":"<p>Rastu\u017eene, zbog poplave koja je uticala na \u017eivote ljudi u celom regionu, Blerta Avdili i Venera \u010co\u0107aj su pokrenule ad hoc nepoliti\u010dku koaliciju pod nazivom Solidarnost Izvan Granica. Uz podr\u0161ku M\u017dK-a, one su mobilisale razli\u010dite aktere na javni prikaz podr\u0161ke u centru Pri\u0161tine i prikupljaju pomo\u0107 kako bi pomogli pogo\u0111enim osobama ovom prirodnom katastrofom u Bosni i Hercegovini, Hrvatskoj i Srbiji.<\/p>\n<p>\u201ePro\u010ditala sam citat Howard Zinn (Hauard Zin) koji ka\u017ee da \u201ekrik siroma\u0161nih nije uvek pravedan, ali ako ga ne slu\u0161ate onda nikada ne\u0107ete znati \u0161ta je pravda\u201c , rekla je Blerta\u201c. \u201e Ad hoc koalicija Solidarnost iznad Granica pokazuje da civilno dru\u0161tvo i mnogo pojedinaca sa Kosova slu\u0161aju ove krike i spremni su da stoje zajedno u ime \u010dove\u010danstva.\u201c<\/p>\n<p>Uz podr\u0161ku umetnika, organizatori \u0107e staviti na aukciji umetni\u010dka dela i da\u0107e novac pogo\u0111enim ljudima od katastrofe. Oni tako\u0111e planiraju da otvore ra\u010dun u banci, gde ljudi mogu da doniraju novac. NVO Artpolis je postavila kutiju napolje tokom Festivala Femmes Fatales gde su ljudi mogli da doniraju.<\/p>\n","protected":false},"excerpt":{"rendered":"<p>Rastu\u017eene, zbog poplave koja je uticala na \u017eivote ljudi u celom regionu, Blerta Avdili i Venera \u010co\u0107aj su pokrenule ad hoc nepoliti\u010dku koaliciju pod nazivom Solidarnost Izvan Granica. Uz podr\u0161ku M\u017dK-a, one su mobilisale razli\u010dite aktere na javni prikaz podr\u0161ke u centru Pri\u0161tine i prikupljaju pomo\u0107 kako bi pomogli pogo\u0111enim osobama ovom prirodnom katastrofom u [&hellip;]<\/p>\n","protected":false},"author":1,"featured_media":0,"comment_status":"open","ping_status":"open","sticky":false,"template":"","format":"standard","meta":{"_FSMCFIC_featured_image_caption":"","_FSMCFIC_featured_image_nocaption":"","_FSMCFIC_featured_image_hide":"","footnotes":""},"categories":[59],"tags":[],"class_list":["post-3333185","post","type-post","status-publish","format-standard","hentry","category-vesti"],"acf":[],"_links":{"self":[{"href":"https:\/\/womensnetwork.org\/sr\/wp-json\/wp\/v2\/posts\/3333185","targetHints":{"allow":["GET"]}}],"collection":[{"href":"https:\/\/womensnetwork.org\/sr\/wp-json\/wp\/v2\/posts"}],"about":[{"href":"https:\/\/womensnetwork.org\/sr\/wp-json\/wp\/v2\/types\/post"}],"author":[{"embeddable":true,"href":"https:\/\/womensnetwork.org\/sr\/wp-json\/wp\/v2\/users\/1"}],"replies":[{"embeddable":true,"href":"https:\/\/womensnetwork.org\/sr\/wp-json\/wp\/v2\/comments?post=3333185"}],"version-history":[{"count":1,"href":"https:\/\/womensnetwork.org\/sr\/wp-json\/wp\/v2\/posts\/3333185\/revisions"}],"predecessor-version":[{"id":3338483,"href":"https:\/\/womensnetwork.org\/sr\/wp-json\/wp\/v2\/posts\/3333185\/revisions\/3338483"}],"wp:attachment":[{"href":"https:\/\/womensnetwork.org\/sr\/wp-json\/wp\/v2\/media?parent=3333185"}],"wp:term":[{"taxonomy":"category","embeddable":true,"href":"https:\/\/womensnetwork.org\/sr\/wp-json\/wp\/v2\/categories?post=3333185"},{"taxonomy":"post_tag","embeddable":true,"href":"https:\/\/womensnetwork.org\/sr\/wp-json\/wp\/v2\/tags?post=3333185"}],"curies":[{"name":"wp","href":"https:\/\/api.w.org\/{rel}","templated":true}]}}