{"id":3333190,"date":"2014-06-04T10:58:38","date_gmt":"2014-06-04T10:58:38","guid":{"rendered":""},"modified":"2018-11-22T15:44:42","modified_gmt":"2018-11-22T15:44:42","slug":"partners-kosova-se-zalaze-za-prava-zena-na-imovinu","status":"publish","type":"post","link":"https:\/\/womensnetwork.org\/sr\/partners-kosova-se-zalaze-za-prava-zena-na-imovinu\/","title":{"rendered":"Partners Kosova se zala\u017ee za prava \u017eena na imovinu"},"content":{"rendered":"<p>Partners Kosova (PK) je pored \u017eena pozvao i mu\u0161karce na svoju jednodnevnu prezentaciju na temu \u201ePrava \u017eena na podelu imovine i nasle\u0111ivanje\u201c odr\u017eanu 28. maja u op\u0161tini Lipljan. Na ovoj prezentaciji u\u010destvovao je i op\u0161tinski slu\u017ebenik za rodnu ravnopravnost.<br \/>\n\u201cUporedo sa tim \u0161to se zala\u017eemo za ovu temu, moramo da radimo i na pove\u0107anju svesti me\u0111u oba pola i me\u0111u ljudima razli\u010ditih starosnih doba i iz razli\u010ditih dru\u0161tvenih sredina\u201c, rekla je Hilmije Ramabaja, menad\u017eer programa obuke, medijator i trener pri PK-u. \u201eSamo \u0107emo na ovaj na\u010din mo\u0107i da stignemo do \u0161to je mogu\u0107e ve\u0107eg broja ljudi i da promenimo patrijarhalni mentalitet, koji \u017eenama uskra\u0107uje ovo osnovno pravo\u201c.<\/p>\n<p>PK planira da organizuje sli\u010dne prezentacije i u slede\u0107e tri op\u0161tine: Skenderaj\/Srbica, Drenas\/Glogovac i Ferizaj\/Uro\u0161evac. Posle toga \u0107e se grupe i dalje zalagati za ovu temu na drugim po redu sastancima u svakoj op\u0161tini, na kojima \u0107e predstavnici institucija i druge zainteresovane strane diskutovati po ovom pitanju.<br \/>\n\u201cOva ideja mi se veoma dopala i predlo\u017ei\u0107u da se diskusija o ovoj temi pro\u0161iri \u0161to je vi\u0161e mogu\u0107e, kako bi postojao sklad izme\u0111u postoje\u0107eg zakonskog okvira i prakti\u010dnog aspekta\u201c, rekao je Gafurr Ademi, slu\u017ebenik za pravna pitanja i imovinu u kancelariji predsednika op\u0161tine. \u201eU okolnostima u kojima se nalazi na\u0161e dru\u0161tvo, veoma je va\u017eno da budu prisutni i mu\u0161karci kada se diskutuje o ovakvim temama, a u cilju podizanja svesti.\u201c<\/p>\n<p>Ovu inicijativu je podr\u017eao Fond \u017eena Kosova (F\u017dK) M\u017dK, finansiran od strane Kvinna till Kvinna (KtK).<\/p>\n","protected":false},"excerpt":{"rendered":"<p>\u00c5\u00bdene i mu\u00c5\u00a1karci diskutuju na temu \u00e2\u20ac\u0153Prava \u00c5\u00beena na podelu imovine i prava na nasle\u00c4\u2018ivanje\u00e2\u20ac\u009d na prezentaciji koju je 28. maja u Lipljanu odr\u00c5\u00beao Partners Kosova. <\/p>\n","protected":false},"author":1,"featured_media":0,"comment_status":"open","ping_status":"open","sticky":false,"template":"","format":"standard","meta":{"_FSMCFIC_featured_image_caption":"","_FSMCFIC_featured_image_nocaption":"","_FSMCFIC_featured_image_hide":"","footnotes":""},"categories":[59],"tags":[],"class_list":["post-3333190","post","type-post","status-publish","format-standard","hentry","category-vesti"],"acf":[],"_links":{"self":[{"href":"https:\/\/womensnetwork.org\/sr\/wp-json\/wp\/v2\/posts\/3333190","targetHints":{"allow":["GET"]}}],"collection":[{"href":"https:\/\/womensnetwork.org\/sr\/wp-json\/wp\/v2\/posts"}],"about":[{"href":"https:\/\/womensnetwork.org\/sr\/wp-json\/wp\/v2\/types\/post"}],"author":[{"embeddable":true,"href":"https:\/\/womensnetwork.org\/sr\/wp-json\/wp\/v2\/users\/1"}],"replies":[{"embeddable":true,"href":"https:\/\/womensnetwork.org\/sr\/wp-json\/wp\/v2\/comments?post=3333190"}],"version-history":[{"count":1,"href":"https:\/\/womensnetwork.org\/sr\/wp-json\/wp\/v2\/posts\/3333190\/revisions"}],"predecessor-version":[{"id":3338495,"href":"https:\/\/womensnetwork.org\/sr\/wp-json\/wp\/v2\/posts\/3333190\/revisions\/3338495"}],"wp:attachment":[{"href":"https:\/\/womensnetwork.org\/sr\/wp-json\/wp\/v2\/media?parent=3333190"}],"wp:term":[{"taxonomy":"category","embeddable":true,"href":"https:\/\/womensnetwork.org\/sr\/wp-json\/wp\/v2\/categories?post=3333190"},{"taxonomy":"post_tag","embeddable":true,"href":"https:\/\/womensnetwork.org\/sr\/wp-json\/wp\/v2\/tags?post=3333190"}],"curies":[{"name":"wp","href":"https:\/\/api.w.org\/{rel}","templated":true}]}}