{"id":3333201,"date":"2014-07-09T01:55:54","date_gmt":"2014-07-09T01:55:54","guid":{"rendered":""},"modified":"2018-11-22T15:52:15","modified_gmt":"2018-11-22T15:52:15","slug":"14-organizacije-clanice-mzk-dobijaju-grantove-za-zagovaranje","status":"publish","type":"post","link":"https:\/\/womensnetwork.org\/sr\/14-organizacije-clanice-mzk-dobijaju-grantove-za-zagovaranje\/","title":{"rendered":"14 Organizacije \u010clanice M\u017dK Dobijaju Grantove za Zagovaranje"},"content":{"rendered":"<div style=\"text-align: justify;\">Datumom 8 Jula, 14 organizacija \u010dlanica M\u017dK su dobile grantove sa Fonda \u017dena Kosova (F\u017dK) M\u017dK, podr\u017eana od strane Austrian Development Agency (ADA), u ukupnom iznosu od 43,922\u20ac.<br \/>\nOva runda je podstakla pojedina\u010dne inicijative za zastupanje organizacija, kao i zajedni\u010dkih inicijativa izme\u0111u dve organizacija kroz nove grantove M\u017dK \u201cGrant zagovaranja u partnerstvu za promenu \u201d. Deset organizacija su dobile grantove za pojedina\u010dno zagovaranje i \u010detiri organizacija su dobili dva grantova za inicijative \u201cGrant zagovaranja za promenu\u201d.<br \/>\nOrganizacije koje su dobile grantove i njihove inicijative uklju\u010duju:<\/div>\n<div><\/div>\n<ol>\n<li>Inicijativu NVO Dora Dores za \u201cRazvoj Polnih Politika u Op\u0161tini Prizren\u201d koja cilja da razvija polne politike, definisanjem specifi\u010dnih ciljeva za interesne stranke i potreban bud\u017eet za realizaciju novog Op\u0161tinskog Plana Delovanja ka ponoj ravnopravnosti. Zatim \u0107e oni zagovarati o odobravanju Plana Delovanja u Skup\u0161tini Op\u0161tine Prizren (\u20ac3,000).<\/li>\n<li>Inicijativa Udru\u017eenja \u017denska Inicijativa\u2019, pod nazivom \u201c\u017dene iz \u0160ara ciljaju da se integri\u0161u u politi\u010dki i dru\u0161tveni \u017eivot \u201d ima za cilj da integri\u0161e \u017eene sa \u0160ara iz Op\u0161tine Draga\u0161, za aktivno u\u010de\u0161\u0107e na dru\u0161tveni i politi\u010dki \u017eivot, pobolj\u0161avaju\u0107i njihovu poziciju u porodici i na dru\u0161tvenoj sferi (\u20ac3,000).<\/li>\n<li>Me\u0111u-op\u0161tinska Organizacija Slepih i sa O\u0161te\u0107enim Vidom \u0107e zagovarati za\u201cSprovo\u0111enje Zakona o Slepima \u201d u Prizrenu (\u20ac2,620).<br \/>\nNVO Top Radio u \u0110akovici \u0107e se potruditi da \u201cOslobodi \u017eene i devojke od op\u0161tinskih taksi za nove biznise \u201d za oko jednu godinu, za sve devojke i \u017eene koje \u017eele da otvore biznis i nemaju finansijsku podr\u0161ku (\u20ac3,000).<\/li>\n<li>Inicijativa Centra \u017dena ONE \u201cUklju\u010divanje \u017dena (i Mu\u0161karaca) zajednice za zagovaranje kod Skup\u0161tine Op\u0161tine za osiguranje besplatnog prevoza za svu decu u vezi sa obaveznim \u0161kolovanjem \u201d cilja da \u017eene i mu\u0161karci u ruralnim zonama op\u0161tine zagovaraju za prevoz za decu koja poha\u0111aju obavezno \u0161kolovanje (\u20ac2,850).<\/li>\n<li>Udru\u017eenje Gluvih \u017dena u Prizrenu cilja da \u201c\u017dene postanu aktivne u za\u0161titi njihovog zdravlja \u201d i pove\u0107anju kvaliteta postoje\u0107ih usluga za spre\u010davanje zdravstvenih problema (\u20ac2,600).<\/li>\n<li>Centar za Promovisanju Prava \u017dena ima jednu inicijativu za \u201cIdentifikaciju slu\u010dajeva seksualnog nasilja\u201d, koja cilja da pove\u0107a rizik za za\u0161titu lica koja su do\u017eivela seksualno nasilje tokom rata (\u20ac3,000).<\/li>\n<li>NVO Luna u Prilu\u017ee ima inicijativu: \u201cPrevencija je klju\u010d zdravlja: Redovne zdravstvene kontrole spa\u0161avaju \u017eivot.\u201d One ciljaju da pove\u0107aju svest u vezi sa preventivnom zdravstvenom pa\u017enjom za \u017eene i mu\u0161karce (\u20ac2,410).<\/li>\n<li>Kroz njihovu inicijativu \u201cNasilje nad \u017eenama: Nije porodi\u010dno pitanje NVO Venera \u0107e nadgledati sudske seanse u vezi sa nasiljem u porodici, kao i sudske sporove koje se povezuju sa nasledstvom i razvoda. One \u0107e tako\u0111e zagovarati kod autoriteta da ovi slu\u010dajevi se tretiraju ozbiljno. Nadzor \u0107e se obaviti u Osnovnom Sudu u Pe\u0107i (\u20ac2,467).<\/li>\n<li>NVO Bliri u Glogovcu \u0107e raditi za \u201cPobolj\u0161anje pristupa \u017eena u kvalitetnim zdravstvenim uslugama \u201d (\u20ac2,975).<\/li>\n<li>NVO Dera e Hapur (Otvorena Vrata) i NVO Ruka Ruci dobili su jedan \u201cGrant zagovaranja u partnerstvu za promenu \u201d, pod nazivom: \u201cJa\u010danje marginalizovanih \u017eena kroz znanje i podizanje svesti o Zakonu o Polnoj Ravnopravnosti, Zakon Br. 2004\/2.\u201d One ciljaju da ja\u010daju marginalizovane \u017eene Albanke i Srpkinje kroz pove\u0107anje njihovog znanja i svesti u vezi sa Zakonom o<\/li>\n<li>Polnoj Ravnopravnosti, kako bi one mogle da zagovaraju za njegovo sprovo\u0111enje (\u20ac8,000).<\/li>\n<li>NVO Gruaja Hyjnore (Bo\u017eanska \u017dena) i Shoqata p\u00ebr Edukimin dhe P\u00ebrkujdesjen e Familjes (SHEPF) (Udru\u017eenje za Obrazovanje i Staranje nad Porodicom) tako\u0111e su dobili \u201cGrant zagovaranja u partnerstvu za promenu\u201d. Projekat \u201cPodi\u017ei svest za bolji \u017eivot \u201d cilja da pobolj\u0161a fizi\u010dko i mentalno zdravlje mladih iz op\u0161tina \u0110akovica i Gnjilane (\u20ac8,000).<\/li>\n<\/ol>\n<p>Svi korisnici grantova, pre potpisivanja ugovora, u\u010destvovali su u informativnoj sesiji odr\u017eanoj u Pri\u0161tini datumom 8 Juli, gde osoblje M\u017dK je objasnila sva potrebna dokumenta za primenu projekta.<br \/>\n\u201cOva sesija je kao jedna obuka u vezi sa sprovo\u0111enjem projekta, ali i pove\u0107anje kapaciteta za organizacije \u010dlanice M\u017dK, po\u0161to ta\u010dno obja\u0161njava kako da se deluje i sa ostalim donatorima u sprovo\u0111enju projekata ,\u201d istakla je jedna organizacija \u010dlanica M\u017dK. Ostale organizacije su se slo\u017eile da \u201cSesija orijentisanja nam poma\u017ee da budemo spremnije i za ostale projekte.\u201d<\/p>\n","protected":false},"excerpt":{"rendered":"<p>Datumom 8 Juli, 14 organizacija \u00c4\u008dlanica MG\u00c5\u00bdK je dobia garantove od Fonda \u00c5\u00bdena Kosova (F\u00c5\u00bdK) MG\u00c5\u00bdK, podr\u00c5\u00beana od Austrian Development Agency (ADA), u ukupnom iznosu od \u00e2\u201a\u00ac43,806.<\/p>\n","protected":false},"author":1,"featured_media":0,"comment_status":"open","ping_status":"open","sticky":false,"template":"","format":"standard","meta":{"_FSMCFIC_featured_image_caption":"","_FSMCFIC_featured_image_nocaption":"","_FSMCFIC_featured_image_hide":"","footnotes":""},"categories":[59],"tags":[],"class_list":["post-3333201","post","type-post","status-publish","format-standard","hentry","category-vesti"],"acf":[],"_links":{"self":[{"href":"https:\/\/womensnetwork.org\/sr\/wp-json\/wp\/v2\/posts\/3333201","targetHints":{"allow":["GET"]}}],"collection":[{"href":"https:\/\/womensnetwork.org\/sr\/wp-json\/wp\/v2\/posts"}],"about":[{"href":"https:\/\/womensnetwork.org\/sr\/wp-json\/wp\/v2\/types\/post"}],"author":[{"embeddable":true,"href":"https:\/\/womensnetwork.org\/sr\/wp-json\/wp\/v2\/users\/1"}],"replies":[{"embeddable":true,"href":"https:\/\/womensnetwork.org\/sr\/wp-json\/wp\/v2\/comments?post=3333201"}],"version-history":[{"count":2,"href":"https:\/\/womensnetwork.org\/sr\/wp-json\/wp\/v2\/posts\/3333201\/revisions"}],"predecessor-version":[{"id":3338507,"href":"https:\/\/womensnetwork.org\/sr\/wp-json\/wp\/v2\/posts\/3333201\/revisions\/3338507"}],"wp:attachment":[{"href":"https:\/\/womensnetwork.org\/sr\/wp-json\/wp\/v2\/media?parent=3333201"}],"wp:term":[{"taxonomy":"category","embeddable":true,"href":"https:\/\/womensnetwork.org\/sr\/wp-json\/wp\/v2\/categories?post=3333201"},{"taxonomy":"post_tag","embeddable":true,"href":"https:\/\/womensnetwork.org\/sr\/wp-json\/wp\/v2\/tags?post=3333201"}],"curies":[{"name":"wp","href":"https:\/\/api.w.org\/{rel}","templated":true}]}}