{"id":3333211,"date":"2014-09-04T10:36:11","date_gmt":"2014-09-04T10:36:11","guid":{"rendered":""},"modified":"2018-11-22T15:44:25","modified_gmt":"2018-11-22T15:44:25","slug":"film-prikazuje-razlicit-zivot-osoba-sa-invaliditetom","status":"publish","type":"post","link":"https:\/\/womensnetwork.org\/sr\/film-prikazuje-razlicit-zivot-osoba-sa-invaliditetom\/","title":{"rendered":"Film prikazuje \u201eRazli\u010dit \u017divot\u201c osoba sa invaliditetom"},"content":{"rendered":"<p>Tri sata pre po\u010detka filma, ulaznice su bile prodate. To je pove\u0107alo radoznalost \u010dlanova publike o filmu koji je ekranizovan u \u201eKino n\u00eb Lum\u201c (Pozori\u0161te na Reci) 20 avg. na Dokufest-u u Prizrenu. Vlasnici ulaznica su gledali film sa stolica unutar pozori\u0161ta,dok su ostali poku\u0161ali da gledaju film iz daljine.<br \/>\nFilm, Fotografia: Nj\u00eb Jet\u00eb Ndryshe [Fotografija: Razli\u010dit \u017divot], je proizveden od strane Organizacije Osoba sa Distrofijom Kosova (OPMDK) i re\u017eiran od strane Galdim Vagangjiu. Film je ispri\u010dao pri\u010du o fotografskoj radionici koja je promenila \u017eivote jedne grupe ljudi sa invaliditetom. Film je proizveden bez ikakvih fondova, na potpuno dobrovoljnoj osnovi.<br \/>\nIzvr\u0161na Direktorka OPMDK-a, Antigona Shestan, rekla je da je posebna stvar o ovom filmu da, uprkos njihovih fizi\u010dkih pote\u0161ko\u0107a, \u010dlanovi organizacije koji su u\u010destvovali u kursu fotografije, predvo\u0111enog fotografom Nafis Llokvica su kompletirali ovaj kurs. \u201eRadili smo veoma naporno kako bi zavr\u0161ili ovaj film i nisam o\u010dekivala toliko mnogo ljudi da se pojave i da nas podr\u017ee,\u201c rekla je ona. \u201eVeoma sam ponosna da je tako mnogo ljudi do\u0161lo da vide na\u0161 film\u201c.<br \/>\nOvaj film nije o ljudima sa posebnim potrebama nego je za posebne ljude, rekao je Galdim Vagangjiu. \u201eNjihove fizi\u010dke pote\u0161ko\u0107e ih ne spre\u010davaju da budu veliki fotografi i da realizuju njihova li\u010dna o\u010dekivanja. Glavni razlog za\u0161to sam \u017eeleo da uradim ovaj film je zato \u0161to su ovi ljudi jednom imali tragediju u njihovom \u017eivotu, ali oni nisu stali i imali su veliku volju da nastave sa svojim \u017eivotima.\u201c<\/p>\n","protected":false},"excerpt":{"rendered":"<p>Tri sata pre po\u010detka filma, ulaznice su bile prodate. To je pove\u0107alo radoznalost \u010dlanova publike o filmu koji je ekranizovan u \u201eKino n\u00eb Lum\u201c (Pozori\u0161te na Reci) 20 avg. na Dokufest-u u Prizrenu. Vlasnici ulaznica su gledali film sa stolica unutar pozori\u0161ta,dok su ostali poku\u0161ali da gledaju film iz daljine. Film, Fotografia: Nj\u00eb Jet\u00eb Ndryshe [&hellip;]<\/p>\n","protected":false},"author":1,"featured_media":0,"comment_status":"open","ping_status":"open","sticky":false,"template":"","format":"standard","meta":{"_FSMCFIC_featured_image_caption":"","_FSMCFIC_featured_image_nocaption":"","_FSMCFIC_featured_image_hide":"","footnotes":""},"categories":[59],"tags":[],"class_list":["post-3333211","post","type-post","status-publish","format-standard","hentry","category-vesti"],"acf":[],"_links":{"self":[{"href":"https:\/\/womensnetwork.org\/sr\/wp-json\/wp\/v2\/posts\/3333211","targetHints":{"allow":["GET"]}}],"collection":[{"href":"https:\/\/womensnetwork.org\/sr\/wp-json\/wp\/v2\/posts"}],"about":[{"href":"https:\/\/womensnetwork.org\/sr\/wp-json\/wp\/v2\/types\/post"}],"author":[{"embeddable":true,"href":"https:\/\/womensnetwork.org\/sr\/wp-json\/wp\/v2\/users\/1"}],"replies":[{"embeddable":true,"href":"https:\/\/womensnetwork.org\/sr\/wp-json\/wp\/v2\/comments?post=3333211"}],"version-history":[{"count":1,"href":"https:\/\/womensnetwork.org\/sr\/wp-json\/wp\/v2\/posts\/3333211\/revisions"}],"predecessor-version":[{"id":3338494,"href":"https:\/\/womensnetwork.org\/sr\/wp-json\/wp\/v2\/posts\/3333211\/revisions\/3338494"}],"wp:attachment":[{"href":"https:\/\/womensnetwork.org\/sr\/wp-json\/wp\/v2\/media?parent=3333211"}],"wp:term":[{"taxonomy":"category","embeddable":true,"href":"https:\/\/womensnetwork.org\/sr\/wp-json\/wp\/v2\/categories?post=3333211"},{"taxonomy":"post_tag","embeddable":true,"href":"https:\/\/womensnetwork.org\/sr\/wp-json\/wp\/v2\/tags?post=3333211"}],"curies":[{"name":"wp","href":"https:\/\/api.w.org\/{rel}","templated":true}]}}