{"id":3333218,"date":"2014-09-08T14:38:24","date_gmt":"2014-09-08T14:38:24","guid":{"rendered":""},"modified":"2018-11-22T15:39:55","modified_gmt":"2018-11-22T15:39:55","slug":"aktivan-odbor-uspesne-organizacije","status":"publish","type":"post","link":"https:\/\/womensnetwork.org\/sr\/aktivan-odbor-uspesne-organizacije\/","title":{"rendered":"Aktivan Odbor = Uspe\u0161ne Organizacije"},"content":{"rendered":"<div style=\"text-align: justify;\">Za\u0161to su odbori dobri? Dali su oni samo da bi organizacije zvu\u010dale sofisticiranije i profesionalnije? Prema drugoj radionici odr\u017eanoj od strane M\u017dK-a u Prizrenu, 4 septembra, aktivni odbori su veoma va\u017ean i klju\u010dan deo svake organizacije.<br \/>\nRadionica je bila posve\u0107ena \u201ekreiranju aktivnog odbora\u201c, unutar organizacije. O ovoj temi po\u010detno, Delina Fico, Direktorka Programa za civilno dru\u0161tvo u East West Management Institute (EWMI) i \u010dlanica savetodavnog odbora u M\u017dK-u, je prvobitno objasnila za u\u010desnice glavnu ulogu odbora, uklju\u010duju\u0107i i ulogu koju igra odbor kako bi osigurali da se rad organizacije dobro zavr\u0161ava; kako bi odredili razlog za koji organizacija postoji; kako bi obezbedili da organizacija ima potrebne resurse da zavr\u0161i svoj rad i da se resursi organizacije upravljaju na odgovoran na\u010din.<br \/>\nNakon toga, ona je govorila i o kreiranju jednog idealnog odbora za organizaciju; motive koje imaju mogu\u0107i \u010dlanovi odbora kako bi postali deo jednog odbora; kako da se osiguramo da imamo raznovrsnosti unutar odbora a da \u010dlanovi odbora budu anga\u017eovani za izvr\u0161enje svojih funkcija; kao i podelu odbora na: a. odlu\u010duju\u0107e i b. savetodavne.<br \/>\n\u201eTokom izbora \u010dlanova trebamo se osigurati da unutar na\u0161eg odbora imamo raznovrsnost\u201c, rekla je Delina Fico. \u201eOdbor utelovljava i garantuje poverenje koje javnost ima kod organizacije\u201c.<br \/>\n\u201eJa sam \u010dlanica Odbora jedne austrijske organizacije i tu mogu da vidim kako je imati funkcionalan i aktivan odbor\u201c, rekla je Drita Vukshinaj, Izvr\u0161na Direktorka Udru\u017eenja \u017dena za \u017dene sa Invaliditetom. \u201eTako\u0111e znam da ve\u0107ina na\u0161ih organizacija nemaju aktivan odbor; mi moramo da radimo vi\u0161e u ovom pravcu i vrlo nam je lako da uzmemo kao pozitivan primer funkcionalnost odbora M\u017dK-a i da pratimo njegove korake u tom pravcu\u201c.<br \/>\nNakon ove prezentacije, u\u010desnice su na radionici razvile rad u grupama o temi \u201eKreiranje idealnog odbora za organizaciju\u201c i nakon toga su prikazale svoj rad kod drugih u\u010desnica i diskutovale su zajedno svoje ideje.<br \/>\n\u201eKako izgleda M\u017dK nas bolje poznaje kao organizacije nego \u0161to mi poznajemo sebe i sama \u010dinjenica da je M\u017dK organizovao ovu radionicu nam pokazuje to, jer nam dokazuje da su na\u0161i zahtevi za podizanje kapaciteta \u010duti i na\u0161e potrebe za pobolj\u0161anje su identifikovane tu gde imamo zaostatke od strane M\u017dK-a\u201c, navela je Gjejrane Lokaj iz Udru\u017eenja Inicijativa \u017dena.<br \/>\nOva radionica je podr\u017eana od Kvinna till Kvinna i East West Management Institute.<\/div>\n","protected":false},"excerpt":{"rendered":"<p>Za\u0161to su odbori dobri? Dali su oni samo da bi organizacije zvu\u010dale sofisticiranije i profesionalnije? Prema drugoj radionici odr\u017eanoj od strane M\u017dK-a u Prizrenu, 4 septembra, aktivni odbori su veoma va\u017ean i klju\u010dan deo svake organizacije. Radionica je bila posve\u0107ena \u201ekreiranju aktivnog odbora\u201c, unutar organizacije. O ovoj temi po\u010detno, Delina Fico, Direktorka Programa za civilno [&hellip;]<\/p>\n","protected":false},"author":1,"featured_media":0,"comment_status":"open","ping_status":"open","sticky":false,"template":"","format":"standard","meta":{"_FSMCFIC_featured_image_caption":"","_FSMCFIC_featured_image_nocaption":"","_FSMCFIC_featured_image_hide":"","footnotes":""},"categories":[59],"tags":[],"class_list":["post-3333218","post","type-post","status-publish","format-standard","hentry","category-vesti"],"acf":[],"_links":{"self":[{"href":"https:\/\/womensnetwork.org\/sr\/wp-json\/wp\/v2\/posts\/3333218","targetHints":{"allow":["GET"]}}],"collection":[{"href":"https:\/\/womensnetwork.org\/sr\/wp-json\/wp\/v2\/posts"}],"about":[{"href":"https:\/\/womensnetwork.org\/sr\/wp-json\/wp\/v2\/types\/post"}],"author":[{"embeddable":true,"href":"https:\/\/womensnetwork.org\/sr\/wp-json\/wp\/v2\/users\/1"}],"replies":[{"embeddable":true,"href":"https:\/\/womensnetwork.org\/sr\/wp-json\/wp\/v2\/comments?post=3333218"}],"version-history":[{"count":1,"href":"https:\/\/womensnetwork.org\/sr\/wp-json\/wp\/v2\/posts\/3333218\/revisions"}],"predecessor-version":[{"id":3338481,"href":"https:\/\/womensnetwork.org\/sr\/wp-json\/wp\/v2\/posts\/3333218\/revisions\/3338481"}],"wp:attachment":[{"href":"https:\/\/womensnetwork.org\/sr\/wp-json\/wp\/v2\/media?parent=3333218"}],"wp:term":[{"taxonomy":"category","embeddable":true,"href":"https:\/\/womensnetwork.org\/sr\/wp-json\/wp\/v2\/categories?post=3333218"},{"taxonomy":"post_tag","embeddable":true,"href":"https:\/\/womensnetwork.org\/sr\/wp-json\/wp\/v2\/tags?post=3333218"}],"curies":[{"name":"wp","href":"https:\/\/api.w.org\/{rel}","templated":true}]}}