{"id":3333629,"date":"2018-03-13T13:52:15","date_gmt":"2018-03-13T13:52:15","guid":{"rendered":""},"modified":"2018-11-22T10:09:59","modified_gmt":"2018-11-22T10:09:59","slug":"clanice-mzk-a-su-odrzale-redovan-sastanak","status":"publish","type":"post","link":"https:\/\/womensnetwork.org\/sr\/clanice-mzk-a-su-odrzale-redovan-sastanak\/","title":{"rendered":"\u010clanice M\u017dK-a su odr\u017eale redovan sastanak"},"content":{"rendered":"<p>5. marta 2018. godine, u hotelu Sirius, Mre\u017ea \u017dena Kosova (M\u017dK) odr\u017eala je redovan sastanak \u010dlanica, prvi za 2018. godinu, na kom su u\u010destvovale predstavnice organizacija \u010dlanova, \u010dlanice Lobija za rodnu ravnopravnost na Kosovu, predstavnici i podr\u017eavaoci institucija Republike Kosovo.<\/p>\n<p>Igballe Rogova, Izvr\u0161na direktorka M\u017dK-a, zapo\u010dela je sastanak, po\u017eelev\u0161i dobrodo\u0161licu prisutnima. Ona je dalje obavestila prisutne o agendi i o prezentacijama koje \u0107e se izvr\u0161iti.<br \/>\nAvis Benes, \u0160efica jedinice za informisanje i javno komuniciranje i Silke Studzinsky, \u0160efica kancelarije za u\u010destvovanje \u017ertava iz Specijalizovanih komora Kosova (SKP) predstavile su dve prezentacije vezano za nadzor, odgovornosti i funkciju Specijalizovanih komora i \u0161emi u\u010destvovanja \u017ertava. G\u0111a. Benes je dala detalje vezano za istoriju SKP-a koje su privremene pravosudne institucije, i koje imaju jurisdikciju samo nad individualcima. Njihov mandat je su\u0111enje tvrdnjama o zlo\u010dinima protiv \u010dove\u010dnosti, ratnim i drugim zlo\u010dinima, izvr\u0161enih tokom perioda od 1. januara 1998. godine do 31. decembra 2000. godine, koji imaju veze sa pomenutim tvrdnjama u Izve\u0161taju Skup\u0161tine Saveta Evrope 2011. godine.<br \/>\nDalje, tokom prezentacije, re\u010deno je da SKP ima za cilj da pravi\u010dno informi\u0161e javnost \u017eele\u0107i da spre\u010di la\u017ene i neta\u010dne informacije. To imaju za cilj da u\u010dine preko prezentacija, diskusija na panelima, predavanjima u univerzitetima, sara\u0111uju\u0107i sa nevladinim organizacijama i organizacijama civilnog dru\u0161tva.<br \/>\nNakon diskusije i sesije pitanja i odgovora, g\u0111a. Benes je rekla slede\u0107e: \u201eMi \u0107emo mnogo raditi i potrudi\u0107emo se da se politika nikada ne ume\u0161a u na\u0161im procesima za pravdu\u201c.<br \/>\nPoslije podne, vreme je bilo rezervisano za prezentaciju Finansiranog projekta od Evropske Unije \u201eKretanje napred: Promovisanje najve\u0107e efikasnosti i efektivnosti u Borbi protiv trgovine ljudima na Kosovu\u201c. Ovaj projekat je zajedni\u010dki napor Centra za porodi\u010dnu i de\u010diju negu (KMOP), Evropske organizacije za javno pravo (EOJP) i Centra za za\u0161titu \u017ertava i spre\u010davanje trgovine ljudima (PVPT) koja ima za cilj da unapredi dalje op\u0161tu koordinaciju protiv trgovine ljudima na Kosovu, kao i na\u010dine kako istra\u017eivati i goniti zlo\u010dine trgovanja ljudima, kako \u0161tititi \u017ertve i svedoke i da se pru\u017eanje usluga planira, upravlja i primenjuje u saradnji sa sektorom civilnog dru\u0161tava. Sadete Kastrati, Ekspert za grantove u KMOP, obavestila je prisutne da je raspisan Poziv za Nacrte predloga.<br \/>\nDalje, Iliriana Banjska, analistkinja o rodnim pitanjima u M\u017dK-u, istovremeno i koautor, predstavila je nalaze i donete preporuke u najnovijem izve\u0161taju M\u017dK-a, \u201eOprezno sa RAP-om\u201c, koji su g\u0111a. Banjska i Nicole Farnsworth predstavile tokom januara i u Briselu pred najvi\u0161im slu\u017ebenicima Evropske Komisije. Ovaj izve\u0161taj ilustrira sprovo\u0111enje Rodnog akcionog plana Evropske unije i mane ovog procesa u Zapadnom Balkanu. Potpuni izve\u0161taj mo\u017eete pro\u010ditati na internet stranici M\u017dK-a.<br \/>\nNakon prezentacije, \u010dlanice su imali mogu\u0107nost da podele informacije vezano za njihove aktivnosti, kojim povodom je Fazile Bungu iz Udru\u017eenja Hendifer, u Uro\u0161evcu, obavestila prisutne da \u0107e i Uro\u0161evcu biti organizovan mar\u0161 povodom 8. marta. Fikrije Ferizi, iz Udru\u017eenja \u017dena ATO, u Vu\u010ditrnu, obavestila je prisutne da \u0107e se u Vu\u010ditrnu biti organizovan okrugli kako bi se obele\u017eilo 8. mart. Gjejrane Lokaj iz Udru\u017eenja Inicijativa \u017dena, u Draga\u0161u, obavestila je prisutne da \u0107e se u Draga\u0161u obele\u017eiti 8. mart peticijom koju \u0107e organizovati zajedno sa \u010dlanovima Lobija, za otvaranje porodili\u0161ta. Dok se Nevenka Rikallo iz Udru\u017eenja Ruka Ruci zahvalila Igballi Rogova i Yllka Sobi za datu podr\u0161ku i doprinos u procesu otvaranja prihvatili\u0161ta u Novom Brdu.<br \/>\nTako\u0111e, g\u0111a. Rogova je obavestila prisutne da \u0107e od 27. do 29. aprila, uz podr\u0161ku Fondacije Kvinna till Kvinna i sopstvenim u\u010de\u0161\u0107em, M\u017dK sastati sa \u010dlanicama u Dra\u010du, kako bi radili na razvoju i izradi nove Strategije M\u017dK-a, za godine 2019. \u2013 2022. Istovremeno, dodala je da \u0107e naredni redovni sastanak biti odr\u017ean u junu. Po\u0161to je u junu svetski dan davanja krvi, a M\u017dK \u0107e organizovati da se tokom sastanka da krv kao volonterska aktivnost.<br \/>\nZajedno sa \u010dlanicama, diskutovali su tako\u0111e o predlogu 2. imena, jedne \u010dlanice i jednog spoljnog eksperta, koji \u0107e biti deo Komisije za procenu grantova u Fondu \u017dena Kosova. Slede\u0107a runda \u0107e se otvoriti \u010dim se budu potpisali ugovori izme\u0111u M\u017dK-a i donatora.<br \/>\n\u010clanice su obave\u0161tene i pozvane da se pridru\u017ee mar\u0161u koji \u0107e se organizovati od Kolektiva Mar\u0161iramo, ne slavimo 8. marta u 12:00 \u010dasova na trgu Zahir Pajaziti.<br \/>\nOvaj sastanak je delimi\u010dno realizovan uz podr\u0161ku Fondacije Kvinna till Kvinna i delimi\u010dno od Specijalizovanih Komora Kosova.<\/p>\n","protected":false},"excerpt":{"rendered":"<p>5. marta 2018. godine, u hotelu Sirius, Mre\u017ea \u017dena Kosova (M\u017dK) odr\u017eala je redovan sastanak \u010dlanica, prvi za 2018. godinu, na kom su u\u010destvovale predstavnice organizacija \u010dlanova, \u010dlanice Lobija za rodnu ravnopravnost na Kosovu, predstavnici i podr\u017eavaoci institucija Republike Kosovo. Igballe Rogova, Izvr\u0161na direktorka M\u017dK-a, zapo\u010dela je sastanak, po\u017eelev\u0161i dobrodo\u0161licu prisutnima. Ona je dalje obavestila [&hellip;]<\/p>\n","protected":false},"author":1,"featured_media":0,"comment_status":"open","ping_status":"open","sticky":false,"template":"","format":"standard","meta":{"_FSMCFIC_featured_image_caption":"","_FSMCFIC_featured_image_nocaption":"","_FSMCFIC_featured_image_hide":"","footnotes":""},"categories":[59],"tags":[],"class_list":["post-3333629","post","type-post","status-publish","format-standard","hentry","category-vesti"],"acf":[],"_links":{"self":[{"href":"https:\/\/womensnetwork.org\/sr\/wp-json\/wp\/v2\/posts\/3333629","targetHints":{"allow":["GET"]}}],"collection":[{"href":"https:\/\/womensnetwork.org\/sr\/wp-json\/wp\/v2\/posts"}],"about":[{"href":"https:\/\/womensnetwork.org\/sr\/wp-json\/wp\/v2\/types\/post"}],"author":[{"embeddable":true,"href":"https:\/\/womensnetwork.org\/sr\/wp-json\/wp\/v2\/users\/1"}],"replies":[{"embeddable":true,"href":"https:\/\/womensnetwork.org\/sr\/wp-json\/wp\/v2\/comments?post=3333629"}],"version-history":[{"count":2,"href":"https:\/\/womensnetwork.org\/sr\/wp-json\/wp\/v2\/posts\/3333629\/revisions"}],"predecessor-version":[{"id":3338190,"href":"https:\/\/womensnetwork.org\/sr\/wp-json\/wp\/v2\/posts\/3333629\/revisions\/3338190"}],"wp:attachment":[{"href":"https:\/\/womensnetwork.org\/sr\/wp-json\/wp\/v2\/media?parent=3333629"}],"wp:term":[{"taxonomy":"category","embeddable":true,"href":"https:\/\/womensnetwork.org\/sr\/wp-json\/wp\/v2\/categories?post=3333629"},{"taxonomy":"post_tag","embeddable":true,"href":"https:\/\/womensnetwork.org\/sr\/wp-json\/wp\/v2\/tags?post=3333629"}],"curies":[{"name":"wp","href":"https:\/\/api.w.org\/{rel}","templated":true}]}}