{"id":3333630,"date":"2018-03-31T18:53:01","date_gmt":"2018-03-31T18:53:01","guid":{"rendered":""},"modified":"2018-11-22T10:08:49","modified_gmt":"2018-11-22T10:08:49","slug":"zagovaranje-ka-implementaciji-gap-a-ii-u-briselu-i-zapadnom-balkanu","status":"publish","type":"post","link":"https:\/\/womensnetwork.org\/sr\/zagovaranje-ka-implementaciji-gap-a-ii-u-briselu-i-zapadnom-balkanu\/","title":{"rendered":"Zagovaranje ka implementaciji GAP-a II u Briselu i Zapadnom Balkanu"},"content":{"rendered":"<p style=\"text-align: justify;\">Uz podr\u0161ku Kvinna till Kvinna, Mre\u017ea \u017eena Kosova (M\u017dK) je nastavila sa zalaga\u010dkim radom ka pobolj\u0161anju implementacije radnog dokumenta osoblja EU-a \u2018Rodna ravnopravnost i osna\u017eivanje \u017eena: Transformacija \u017eivota devoj\u010dica i \u017eena kroz spoljne odnose EU 2016-2020\u2019 tako\u0111e poznat kao GAP II na Zapadnom Balkanu. M\u017dK je ovo radila predstavljanjem svog Izve\u0161taja \u2018Pazi na GAP\u2019 , koji uklju\u010duje nalaze istra\u017eivanja u vezi sa sprovo\u0111enjem ove EU politike na Kosovu, Albaniji, Bosni i Hercegovini, Srbiji, Biv\u0161oj Republici Makedoniji i Crnoj Gori i preporuku o tome kako bi razli\u010diti odgovorni akteri mogli pobolj\u0161ati svoj rad vezano sa institucionalizacijom razli\u010ditih aspekata uklju\u010divanja ciljeva rodne ravnopravnosti u njihov svakodnevni rad kao \u0161to je propisano u GAP-u II.<br \/>\nDana 14. marta 2018. godine, ovaj izve\u0161taj je predstavljen Radnoj grupi za region Zapadnog Balkana (COWEB) u Briselu. COWEB, koji uklju\u010duje predstavnika razli\u010ditih zemalja \u010dlanica EU-a, odgovoran je za odnose EU-a sa zemljama Zapadnog Balkana (ZB). Ona se bavi op\u0161tim politi\u010dkim i ekonomskim razvojem, Procesom stabilizacije i pridru\u017eivanja i finansijskim instrumentom za pretpristupnu pomo\u0107 (IPA).Me\u0111u ostalim pitanjima o kojima se diskutovalo, istra\u017eiva\u010di M\u017dK-a, Nicole Farnsworth i Iliriana Banjska ,su tra\u017eile podr\u0161ku od COWEB-a u podsticanju zemalja ZB-a da rodna ravnopravnost postane prioritet, kao deo \u201eprvih osnova\u201c dnevnog reda.<br \/>\nDana 14. marta 2018. godine, M\u017dK je predstavila izve\u0161taj zvani\u010dnicima iz politi\u010dkih i saradni\u010dkih sektora Kancelarije EU na Kosovu (EUO). Sve u svemu, Kosovo je dalo bolje rezultate od drugih zemalja u regionu, delimi\u010dno zbog \u010dinjenice da je M\u017dK bila ugovorena od strane EUO-a od 2015. godine za pru\u017eanje tehni\u010dke pomo\u0107i u implementaciji GAP-a II. Ovo se prime\u0107uje kao najbolja praksa, kako u regionu, tako i u Briselu, jer je direktno doprinelo pobolj\u0161anju implementacije GAP-a II. Diskusija sa u\u010desnicima je evoluirala uglavnom oko izazova institucionalizacije rodne integracije kao unutra\u0161nje prakse me\u0111u svim zvani\u010dnicima i kako EUO mo\u017ee pokrenuti vi\u0161e pitanja koja se odnose na rodnu ravnopravnost u okviru politi\u010dkih dijaloga.<br \/>\nIzve\u0161taj je tako\u0111e predstavljen u delegacijama EU u Crnoj Gori i Bosni i Hercegovini, gde su zvani\u010dnici iz sektora za saradnju i politiku pozdravili preporuke za intenziviranju napora za implementaciju GAP-a II. Predstavnici civilnog dru\u0161tva i dr\u017eava \u010dlanica su tako\u0111e prisustvovali odre\u0111enim prezentacijama publikacije u ovim zemljama, razmatraju\u0107i mogu\u0107e na\u010dine napredovanja.<\/p>\n","protected":false},"excerpt":{"rendered":"<p>Uz podr\u0161ku Kvinna till Kvinna, Mre\u017ea \u017eena Kosova (M\u017dK) je nastavila sa zalaga\u010dkim radom ka pobolj\u0161anju implementacije radnog dokumenta osoblja EU-a \u2018Rodna ravnopravnost i osna\u017eivanje \u017eena: Transformacija \u017eivota devoj\u010dica i \u017eena kroz spoljne odnose EU 2016-2020\u2019 tako\u0111e poznat kao GAP II na Zapadnom Balkanu. M\u017dK je ovo radila predstavljanjem svog Izve\u0161taja \u2018Pazi na GAP\u2019 , [&hellip;]<\/p>\n","protected":false},"author":1,"featured_media":0,"comment_status":"open","ping_status":"open","sticky":false,"template":"","format":"standard","meta":{"_FSMCFIC_featured_image_caption":"","_FSMCFIC_featured_image_nocaption":"","_FSMCFIC_featured_image_hide":"","footnotes":""},"categories":[59],"tags":[],"class_list":["post-3333630","post","type-post","status-publish","format-standard","hentry","category-vesti"],"acf":[],"_links":{"self":[{"href":"https:\/\/womensnetwork.org\/sr\/wp-json\/wp\/v2\/posts\/3333630","targetHints":{"allow":["GET"]}}],"collection":[{"href":"https:\/\/womensnetwork.org\/sr\/wp-json\/wp\/v2\/posts"}],"about":[{"href":"https:\/\/womensnetwork.org\/sr\/wp-json\/wp\/v2\/types\/post"}],"author":[{"embeddable":true,"href":"https:\/\/womensnetwork.org\/sr\/wp-json\/wp\/v2\/users\/1"}],"replies":[{"embeddable":true,"href":"https:\/\/womensnetwork.org\/sr\/wp-json\/wp\/v2\/comments?post=3333630"}],"version-history":[{"count":1,"href":"https:\/\/womensnetwork.org\/sr\/wp-json\/wp\/v2\/posts\/3333630\/revisions"}],"predecessor-version":[{"id":3338188,"href":"https:\/\/womensnetwork.org\/sr\/wp-json\/wp\/v2\/posts\/3333630\/revisions\/3338188"}],"wp:attachment":[{"href":"https:\/\/womensnetwork.org\/sr\/wp-json\/wp\/v2\/media?parent=3333630"}],"wp:term":[{"taxonomy":"category","embeddable":true,"href":"https:\/\/womensnetwork.org\/sr\/wp-json\/wp\/v2\/categories?post=3333630"},{"taxonomy":"post_tag","embeddable":true,"href":"https:\/\/womensnetwork.org\/sr\/wp-json\/wp\/v2\/tags?post=3333630"}],"curies":[{"name":"wp","href":"https:\/\/api.w.org\/{rel}","templated":true}]}}