{"id":333370,"date":"2013-05-08T11:24:49","date_gmt":"2013-05-08T11:24:49","guid":{"rendered":""},"modified":"2018-11-22T12:04:48","modified_gmt":"2018-11-22T12:04:48","slug":"zene-preduzetnici-stvaraju-platformu","status":"publish","type":"post","link":"https:\/\/womensnetwork.org\/sr\/zene-preduzetnici-stvaraju-platformu\/","title":{"rendered":"Zene Preduzetnici Stvaraju Platformu"},"content":{"rendered":"<p style=\"text-align: justify;\">Dana 8. Apr, 40 subjekata je potpisalo\u00a0<a href=\"http:\/\/www.she-era.org\/Uploads\/Files\/201304191347070.National%20Platform%20for%20WE%20in%20RKS_eng.pdf\">Nacionalnu Platformu \u017dena Preduzetnika u Republici Kosova<\/a>. Potpisnici su NVO-i, udru\u017eenja \u017eena, poslovna udru\u017eenja, mre\u017ea, institucija obrazovanje i obuke i medija.<\/p>\n<p>Potpisivanje je sledilo prethodnoj radionici u kojoj su oni razvili platformu, odr\u017eanoj 22. Mar. Glavne strategije\u00a0za ekonomski rast \u00a0 prepoznate u Platformi uklju\u010duju javno-privatno partnerstvo, polnu ravnopravnost i stvaranje mre\u017ee preduzetnika i poslovnih udru\u017eenja.<\/p>\n<p>Dobrovoljno, neformalna grupa koja radi za razvoj i promovisanje \u017eena preduzetnika na Kosovu, kao i otklanjanje svih vrsta rodne diskriminacije, vodi implementaciju Platforme.<\/p>\n<p>\u201cOvo je prvi put da je takva Platforma kreirana na Kosovu&#8220;, rekla je predstavnica \u017denskog Poslovnog Udru\u017eenja SHE-ERA &#8222;Sve je zasnovano direktno na potrebama \u017eena preduzetnika i u skladu sa EU zakonima i propisa.\u201d Nastavljeno na 3 str.<\/p>\n<p>Platforma je kreirana na osnovu Akta o\u00a0<a href=\"http:\/\/eur-lex.europa.eu\/LexUriServ\/LexUriServ.do?uri=COM:2008:0394:FIN:EN:PDF\">Malom Biznisu za Evropu\u00a0<\/a>(izvedena iz Pokazatelja \u017dena Preduzetnika\u00a0Istanbula),\u00a0<a href=\"http:\/\/kosovowomenssummit.org\/wp-content\/uploads\/2012\/10\/pristinaprinciples.Srb_.pdf\">Pri\u0161tinski Principi<\/a>\u00a0(sekcije za Ekonomsko Osna\u017eivanje \u017dena, od Predsedni\u010dkog Samita Republike Kosova),\u00a0<a href=\"http:\/\/www.smesupport.biz\/cms\/images\/stories\/key-documents\/190711_sme_development_strategy_for_kosovo_en.pdf\">Nacionalne Strategije za Razvoj Malih i Srednjih Preduze\u0107a (2012-2020)<\/a>,\u00a0<a href=\"http:\/\/www.assembly-kosova.org\/common\/docs\/ligjet\/2004_2_sr.pdf\">Zakona o Rodnoj Ravnopravnosti<\/a>,\u00a0<a href=\"http:\/\/abgj.rks-gov.net\/Portals\/0\/ABGJ%20Programi%20i%20Kosoves%20per%20Barazi%20Gjinore%20%282%29.pdf\">Kosovski Program za Rodnu Ravnopravnost<\/a>,\u00a0<a href=\"http:\/\/abgj.rks-gov.net\/Portals\/0\/ABGJ%20PLANI%20I%20VEPRIMIT%20PER%20FUQIZIMIN%20EKONOMIK%20TE%20GRAVE.pdf\">Kosovski Akcioni Plan za Ekonomsko Osna\u017eivanje \u017dena 2011-2013,<\/a>\u00a0kao i\u00a0<a href=\"http:\/\/www.childinfo.org\/files\/fgmc_cedaw.pdf\">Me\u0111unarodne Konvencije o Eliminisanju Svih Oblika Diskriminacije \u017eena (CEDAV)<\/a>.<\/p>\n<p>Platforma ima za cilj da promovi\u0161e \u017eene preduzetnike u Republici Kosovo putem javnih i privatnih\u00a0partnerstva. Ona nastoji da pomogne \u017eenama da prevazi\u0111u barijere za preduzetni\u0161tvo i elimini\u0161u sve oblike polne diskriminacije.<\/p>\n<p>Ova inicijativa se preduzima u devet pret-pristupnim zemljama EU-a u Jugoisto\u010dnoj Evropi. Podr\u017eana je od strane Kraljevine \u0160vedske i sprovedena od Jugo Isto\u010dnog Evropskog Centra za Preduzetni\u010dko U\u010denje (SEECEL), Regionalnog Saveta za Saradnju (RCC) i Gender Task Force (GTF) za Jugoisto\u010dnu Evropu.<\/p>\n<p>Partneri koji sprovodi projekat na Kosovu su \u017densko Poslovno Udru\u017eenje SHE-ERA i Mre\u017ea &#8222;Qeliza\u201d.<\/p>\n","protected":false},"excerpt":{"rendered":"<p>Dana 8. Apr, 40 subjekata je potpisalo\u00a0Nacionalnu Platformu \u017dena Preduzetnika u Republici Kosova. Potpisnici su NVO-i, udru\u017eenja \u017eena, poslovna udru\u017eenja, mre\u017ea, institucija obrazovanje i obuke i medija. Potpisivanje je sledilo prethodnoj radionici u kojoj su oni razvili platformu, odr\u017eanoj 22. Mar. Glavne strategije\u00a0za ekonomski rast \u00a0 prepoznate u Platformi uklju\u010duju javno-privatno partnerstvo, polnu ravnopravnost i [&hellip;]<\/p>\n","protected":false},"author":1,"featured_media":0,"comment_status":"open","ping_status":"open","sticky":false,"template":"","format":"standard","meta":{"_FSMCFIC_featured_image_caption":"","_FSMCFIC_featured_image_nocaption":"","_FSMCFIC_featured_image_hide":"","footnotes":""},"categories":[95,85,59],"tags":[],"class_list":["post-333370","post","type-post","status-publish","format-standard","hentry","category-izgradnja-kapaciteta-mzk-2","category-nasi-programi","category-vesti"],"acf":[],"_links":{"self":[{"href":"https:\/\/womensnetwork.org\/sr\/wp-json\/wp\/v2\/posts\/333370","targetHints":{"allow":["GET"]}}],"collection":[{"href":"https:\/\/womensnetwork.org\/sr\/wp-json\/wp\/v2\/posts"}],"about":[{"href":"https:\/\/womensnetwork.org\/sr\/wp-json\/wp\/v2\/types\/post"}],"author":[{"embeddable":true,"href":"https:\/\/womensnetwork.org\/sr\/wp-json\/wp\/v2\/users\/1"}],"replies":[{"embeddable":true,"href":"https:\/\/womensnetwork.org\/sr\/wp-json\/wp\/v2\/comments?post=333370"}],"version-history":[{"count":2,"href":"https:\/\/womensnetwork.org\/sr\/wp-json\/wp\/v2\/posts\/333370\/revisions"}],"predecessor-version":[{"id":3338247,"href":"https:\/\/womensnetwork.org\/sr\/wp-json\/wp\/v2\/posts\/333370\/revisions\/3338247"}],"wp:attachment":[{"href":"https:\/\/womensnetwork.org\/sr\/wp-json\/wp\/v2\/media?parent=333370"}],"wp:term":[{"taxonomy":"category","embeddable":true,"href":"https:\/\/womensnetwork.org\/sr\/wp-json\/wp\/v2\/categories?post=333370"},{"taxonomy":"post_tag","embeddable":true,"href":"https:\/\/womensnetwork.org\/sr\/wp-json\/wp\/v2\/tags?post=333370"}],"curies":[{"name":"wp","href":"https:\/\/api.w.org\/{rel}","templated":true}]}}