{"id":333378,"date":"2013-06-05T16:33:13","date_gmt":"2013-06-05T16:33:13","guid":{"rendered":""},"modified":"2018-11-22T12:11:00","modified_gmt":"2018-11-22T12:11:00","slug":"fondacija-ldquocifti-bucincardquo-priznaje-zivotni-doprinos-para-u-obrazovanju-devojcica","status":"publish","type":"post","link":"https:\/\/womensnetwork.org\/sr\/fondacija-ldquocifti-bucincardquo-priznaje-zivotni-doprinos-para-u-obrazovanju-devojcica\/","title":{"rendered":"Fondacija &ldquo;\u00c7ifti Bu\u00e7inca&rdquo; Priznaje \u017divotni  Doprinos Para u Obrazovanju Devoj\u010dica"},"content":{"rendered":"<p>Gala doga\u0111aj 23. Maja je ozna\u010dio osnivanje Fondacije za Obrazovanje Devoj\u010dica \u201c\u00c7ifti Bu\u00e7inca\u201d. Fahri i Naxhie Bu\u010dinca su za vi\u0161e od 60 godina radili u formalnom i neformalnom obrazovanju sa devojkama. Sada u svojim 80-ih, osnovana je Fondacija &#8222;Cifti Bucinca&#8220; sa ciljem da prepoznaju doprinos Bu\u010dinaca i da nastavlja njihovu inicijativu da se u godinama koje dolaze devoj\u010dicama omoguc\u0301i pristup obrazovanju.<\/p>\n<p>Gala doga\u0111aj je prikupio po\u010detnih 23.969 \u20ac za Fondaciju &#8222;Cifti Bucinca&#8220;, pre svega od lokalnih preduzec\u0301a, organizacija i pojedinaca. Izvr\u0161na Direktorka M\u017dK Igbale Rogova je doprinela u Organizacionom odboru.<br \/>\nPredsednica Republike Kosova Atifete Jahjaga je tokom doga\u0111aja, nagradila par Bucinca sa Predsedni\u010dkom Nagradom Zasluga za njihov rad.<\/p>\n<p>Bucinci su doprineli dru\u0161tvenim promenama u Ulcinju, Crnoj Gori i na celoj teritoriji Kosova, posebno u op\u0161tini Vu\u010ditrn, gde su fokusirali svoj rad. Naxhie Alibegaj Bucinca je za pet godina radila od kuc\u0301e do kuc\u0301e u selima Kraja u Op\u0161tini Ulcinj, a u op\u0161tini Vu\u010ditrn za vi\u0161e od 60 godina. Fahri Bucinca je sa 15 godina po\u010deo da radi kao nastavnik, uspostavljanjem prve osnovne \u0161kole, tamo u 1954. Od 1981 do 1989, kada su \u0161kole pod kontrolom Srba zatvorile svoja vrata albanskim u\u010denicima, on je izgradio nove \u0161kole u selima Vu\u010ditrna, Srbice i Lipljana. Oni su tako\u0111e radili da bi o\u010duvali Albansku kulturu \u017eivotu tokom decenije ugnjetavanja devedesetih godina preko njhove Gruoe Veterana Obrazovanja. Njihovi napori za prikupljanje stredstava su obezbe\u0111ivali sredstva od donatora, pojedinaca i preduzec\u0301a koji su omoguc\u0301ili hiljadama devojaka da nastavljaju njihovo obrazovanje na vi\u0161im nivoima.<\/p>\n<p>&#8222;Znala sam da je tokom njihovog \u017eivota par Bu\u010dinca sproveo izuzetan posao za obrazovanje devoj\u010dica, ali tek danas sam \u010dula pravu pri\u010du i bila sam jo\u0161 vi\u0161e odu\u0161evljena njihovim dostignuc\u0301ima&#8220;, rekla je Emine Beri\u0161a koja je prisustvovala Gala Doga\u0111aju.<\/p>\n<p>M\u017dK je tako\u0111e priznala doprinos Bu\u010dinaca Zahvalnicom, izra\u017eavajuc\u0301i zahvalnost za doprinos para u obrazovanju devoj\u010dica. M\u017dK je tako\u0111e obezbedio donaciju od 1.000 \u20ac za Fondaciju \u010cifti Bucinca.<\/p>\n","protected":false},"excerpt":{"rendered":"<p>\u00c5\u00bdivotni doprinos Bu\u00c3\u00a7inaca u unape\u00c4\u2018enju pristupa obrazovanja za devoj\u00c4\u008dice je priznat od strane Predsednice Kosova Atifete Jahjaga I preko nove Fondacije za Orbazovanje Devoj\u00c4\u008dica \u00e2\u20ac\u0153\u00c3\u2021ifti Bu\u00c3\u00a7inca.\u00e2\u20ac\u009d <\/p>\n","protected":false},"author":1,"featured_media":0,"comment_status":"open","ping_status":"open","sticky":false,"template":"","format":"standard","meta":{"_FSMCFIC_featured_image_caption":"","_FSMCFIC_featured_image_nocaption":"","_FSMCFIC_featured_image_hide":"","footnotes":""},"categories":[59],"tags":[],"class_list":["post-333378","post","type-post","status-publish","format-standard","hentry","category-vesti"],"acf":[],"_links":{"self":[{"href":"https:\/\/womensnetwork.org\/sr\/wp-json\/wp\/v2\/posts\/333378","targetHints":{"allow":["GET"]}}],"collection":[{"href":"https:\/\/womensnetwork.org\/sr\/wp-json\/wp\/v2\/posts"}],"about":[{"href":"https:\/\/womensnetwork.org\/sr\/wp-json\/wp\/v2\/types\/post"}],"author":[{"embeddable":true,"href":"https:\/\/womensnetwork.org\/sr\/wp-json\/wp\/v2\/users\/1"}],"replies":[{"embeddable":true,"href":"https:\/\/womensnetwork.org\/sr\/wp-json\/wp\/v2\/comments?post=333378"}],"version-history":[{"count":1,"href":"https:\/\/womensnetwork.org\/sr\/wp-json\/wp\/v2\/posts\/333378\/revisions"}],"predecessor-version":[{"id":3338254,"href":"https:\/\/womensnetwork.org\/sr\/wp-json\/wp\/v2\/posts\/333378\/revisions\/3338254"}],"wp:attachment":[{"href":"https:\/\/womensnetwork.org\/sr\/wp-json\/wp\/v2\/media?parent=333378"}],"wp:term":[{"taxonomy":"category","embeddable":true,"href":"https:\/\/womensnetwork.org\/sr\/wp-json\/wp\/v2\/categories?post=333378"},{"taxonomy":"post_tag","embeddable":true,"href":"https:\/\/womensnetwork.org\/sr\/wp-json\/wp\/v2\/tags?post=333378"}],"curies":[{"name":"wp","href":"https:\/\/api.w.org\/{rel}","templated":true}]}}