{"id":333394,"date":"2013-08-05T14:45:35","date_gmt":"2013-08-05T14:45:35","guid":{"rendered":""},"modified":"2018-11-22T14:04:46","modified_gmt":"2018-11-22T14:04:46","slug":"peticija-12764-gradana-ocd-a-protiv-kosovskog-zakona-o-amnestiji","status":"publish","type":"post","link":"https:\/\/womensnetwork.org\/sr\/peticija-12764-gradana-ocd-a-protiv-kosovskog-zakona-o-amnestiji\/","title":{"rendered":"Peticija 12,764 Gra\u0111ana, OCD-a Protiv  Kosovskog Zakona o Amnestiji"},"content":{"rendered":"<p>Nacrt zakona o Amnestiji na Kosovu poti\u010de iz sporazuma za normalizaciju odnosa izme\u0111u Kosova i Srbije. Namera je bila da podr\u017ei integraciju Srba na severu Kosova pru\u017eaju\u010di za\u0161titu od tu\u017ebi nakon srpskog otpora prema Ustavu Kosova od progla\u0161enja nezavisnosti 2008. Me\u0111utim, prema nekim poslanicima\u00a0<a href=\"http:\/\/www.assembly-kosova.org\/common\/docs\/ligjet\/04-L-203.pdf\">prvobitni nacrt zakona\u00a0<\/a>, \u201eprevazilazi amnestiju i poku\u0161ava da obezbedi amnestiju za obi\u010dna krivi\u010dna dela koja su po\u010dinjena na celoj teritoriji Kosova\u201c. Uprkos zabrinutostima, parlament je iskoristio ubrzani postupak bez javne rasprave, odravaju\u010di prvo razmatranje Nacrta Zakona\u00a04. Jula.<\/p>\n<div>M\u017dK je\u00a0<a href=\"http:\/\/www.womensnetwork.org\/documents\/20130705155706559.pdf\">reagovala<\/a>protiv Nacrta Zakona o Amnestiji i pozvala poslanike da ne glasaju za njega, jer bi obezbediti amnestiju za brojna krivi\u010dnih dela, uklju\u010dujuc\u0301i nasilje nad \u017eenama. Raznovrsni gra\u0111ani protestovali su ispred parlamenta, a razi\u0161li su se tek nakon \u0161to Nacrt Zakona nije pro\u0161ao. Na prvom razmatranju, Nacrt Zakona je dobio samo 70 glasova za, \u0161to je bilo manje od neophodnih 80 glasova.<\/div>\n<div>\nZabrinutost zbog spornog \u010dlana 3. dovela je Vladu da dodaje klauzulu u kojoj se navodi da krivi\u010dna dela koja kao ruzultat imaju ubistvo ili telesne povrede nec\u0301e biti predmet amnestije..<\/div>\n<div>\nKada je drugo razmatranje Nacrta Zakona najavljeno za 11. Jul, gra\u0111ani Kosova su organizovali protest ispred parlamenta. To je trajalo \u0161est dana i pet noc\u0301i. Demonstranti su jasno stavili do znanja da oni ne predstavljaju nikakvu instituciju ili politi\u010dku stranku. Dalje, pored nekoliko individualnih reakcija, 34 organizacije civilnog dru\u0161tva (OCD) je napisalo zajedni\u010dko pismo kancelariji EU na Kosovu, EULEKS-u i ambasadama Kvinta zahtevajuc\u0301i da Nacrt se Zakona o Amnestiji preispita. Oni su tako\u0111e pokrenuli peticiju gra\u0111ana, tra\u017eec\u0301i izmenu Zakona. Gra\u0111ani su ponovo protestovali ispred po\u0161to je\u00a0parlament odr\u017eao svoje druge razmatranje zakona.<\/div>\n<div>\nUprkos protestima gra\u0111ana, Zakon o Amnestiji je Usvojen 11 Juna sa 91 glasova za i 17 protiv.<\/div>\n<div>\nGra\u0111ani su nastavili da\u00a0protestuju do 19 Jula potpisivanjem pomenute peticije. Sve u svemu, OCD su okupile 12.764 potpisa. Kosovski Institut za Politi\u010dka Istra\u017eivanja i Razvoj, Grupa za Pravne i Politi\u010dke Studije, M\u017dK, Community Building Mitrovica,\u00a0<i>Syri i Vizionit<\/i>,\u00a0<i>EC Ma Ndryshe<\/i>\u00a0i INPO podneli su peticiju u Predsedni\u0161tvu, zahtevajuc\u0301i da se Nacrt zakona vrac\u0301ti u Skup\u0161tinu (<a href=\"http:\/\/www.womensnetwork.org\/?FaqeID=1&amp;n=93\">pogledajte njihovo pismo\u00a0<\/a>).<\/div>\n<div>\nPredsendica Jahjaga\u00a0je pohvalila posvec\u0301enost i ulogu\u00a0civilnog dru\u0161tva u demokratizaciji Kosova. \u201eKomunikacija izme\u0111u institucija i civilnog dru\u0161tva je neophodna i doprinosi sveukupnom pobolj\u0161anju procesa\u201c, rekla je ona.<\/div>\n<div>\nPo\u0161to je Zakon zadr\u017ean od strane Ustavnog Suda pre potpisa Predsednice, M\u017dK i druge organizacije civilnog dru\u0161tva i dalje nastavljaju da zagovaraju njegovu reviziju.<\/div>\n","protected":false},"excerpt":{"rendered":"<p>Predstavnici OCD dostavljaju peticiju koja zahteva izmenu Zakona o Amnestiji kod Predsednice Kosova Atifete Jahjaga 19. Jula<\/p>\n","protected":false},"author":1,"featured_media":0,"comment_status":"open","ping_status":"open","sticky":false,"template":"","format":"standard","meta":{"_FSMCFIC_featured_image_caption":"","_FSMCFIC_featured_image_nocaption":"","_FSMCFIC_featured_image_hide":"","footnotes":""},"categories":[59],"tags":[],"class_list":["post-333394","post","type-post","status-publish","format-standard","hentry","category-vesti"],"acf":[],"_links":{"self":[{"href":"https:\/\/womensnetwork.org\/sr\/wp-json\/wp\/v2\/posts\/333394","targetHints":{"allow":["GET"]}}],"collection":[{"href":"https:\/\/womensnetwork.org\/sr\/wp-json\/wp\/v2\/posts"}],"about":[{"href":"https:\/\/womensnetwork.org\/sr\/wp-json\/wp\/v2\/types\/post"}],"author":[{"embeddable":true,"href":"https:\/\/womensnetwork.org\/sr\/wp-json\/wp\/v2\/users\/1"}],"replies":[{"embeddable":true,"href":"https:\/\/womensnetwork.org\/sr\/wp-json\/wp\/v2\/comments?post=333394"}],"version-history":[{"count":1,"href":"https:\/\/womensnetwork.org\/sr\/wp-json\/wp\/v2\/posts\/333394\/revisions"}],"predecessor-version":[{"id":3338328,"href":"https:\/\/womensnetwork.org\/sr\/wp-json\/wp\/v2\/posts\/333394\/revisions\/3338328"}],"wp:attachment":[{"href":"https:\/\/womensnetwork.org\/sr\/wp-json\/wp\/v2\/media?parent=333394"}],"wp:term":[{"taxonomy":"category","embeddable":true,"href":"https:\/\/womensnetwork.org\/sr\/wp-json\/wp\/v2\/categories?post=333394"},{"taxonomy":"post_tag","embeddable":true,"href":"https:\/\/womensnetwork.org\/sr\/wp-json\/wp\/v2\/tags?post=333394"}],"curies":[{"name":"wp","href":"https:\/\/api.w.org\/{rel}","templated":true}]}}