{"id":333399,"date":"2013-08-05T14:55:26","date_gmt":"2013-08-05T14:55:26","guid":{"rendered":""},"modified":"2018-11-22T14:09:53","modified_gmt":"2018-11-22T14:09:53","slug":"ipko-foundacija-donira-5000euro-postaje-partner-mzk","status":"publish","type":"post","link":"https:\/\/womensnetwork.org\/sr\/ipko-foundacija-donira-5000euro-postaje-partner-mzk\/","title":{"rendered":"IPKO Foundacija Donira 5000&euro;, Postaje  Partner M\u017dK"},"content":{"rendered":"<p><a href=\"http:\/\/ipkofoundation.org\/programs\/social\/barcamp-prishtina\">IPKO Foundacija (IF)<\/a>\u00a0je donirala 5000 \u20ac za KWN\u2019s programe i inicijative M\u017ek. Dve organizacije su 23 Jula, potpisale memorandum.<\/p>\n<div>\u201eIF misli da bi doniranje novca\u00a0za Fond Kosovskih \u017dena M\u017dK bila vrlo dobra prilika za filantropiju,\u201c rekla je Teresa Crawford,\u00a0\u010clanica odbora IF. \u201ePo\u0161to su ovi fondovi dati za op\u0161te namene M\u017dK, M\u017dK ih mo\u017ee tako\u0111e koristiti I za druge projekte i aktivnosti.\u201c<\/div>\n<div>\nM\u017dK\u00a0planira da iskoristi sredstva za zagovaranje i promovisanje prava \u017eena. IF i M\u017dK su tako\u0111e razgovarali o razli\u010ditim potencijalnim oblastima za buduc\u0301u saradnju, uklju\u010dujuc\u0301i i moguc\u0301u podr\u0161ku IF za Fondaciju za Obrazovanje Devoj\u010dica \u201eCifti Bucinca\u201c preko njenog programa\u00a0<a href=\"http:\/\/ipkofoundation.org\/programs\/next\">Next Generation Scholarships<\/a>.<\/div>\n<div>\n\u201eM\u017dK tako\u0111e radi na osna\u017eivanju mladih \u017eena kroz Inicijativu Osna\u017eivanja Mladih \u017eena,\u201c izvr\u0161na direktorka M\u017dK Igbale Rogova je rekla. \u201eDa bismo osna\u017eili mlade, moramo nac\u0301i na\u010dina da podr\u017eimo njihovo obrazovanje. Ovome mo\u017ee doprineti vi\u0161e umre\u017eavanja.\u201c<\/div>\n<div>\nIF je ponudila da se uklju\u010di njene stipendiste u pomaganju \u010dlanova M\u017dK, kao \u0161to je pru\u017eanje radionica tehnologije. \u201eNeki od na\u0161ih stipendicta bi mogli odr\u017eati informativne sastanke o tehnologiji i kori\u0161\u010denju dru\u0161tvenih medija za promociju rada i aktivnosti,\u201c rekla je Direktorka Programa IF Abetare Gojani.<br \/>\n\u201eDru\u0161tveni mediji mogu da podr\u017ee zagovaranje \u010dlanova M\u017dK,\u201c saglasila se Rogova.<\/div>\n<div>\nIF i\u00a0M\u017dK\u00a0su planirale dodatne zajedni\u010dke aktivnosti za unapre\u0111enje njihovog rada i pronala\u017eenje dodatne finansijske podr\u0161ke za M\u017dK. Po\u0161to je IF \u010dlanica\u00a0<a href=\"http:\/\/www.amchamksv.org\/\">Ameri\u010dke Privredne Komore (AmCham)<\/a>na Kosovu, vide\u010de da organizuju neki doga\u0111aj sa ostalim \u010dlanovima Ameri\u010dke Privredne Komore, uvodec\u0301i ih u M\u017dK kao buduc\u0301e potencijalne pristalice.<\/div>\n","protected":false},"excerpt":{"rendered":"<p>IPKO Fondacija (IF) i M\u00c5\u00bdK su 23 Jula potpisali sporazum o saradnji.<\/p>\n","protected":false},"author":1,"featured_media":0,"comment_status":"open","ping_status":"open","sticky":false,"template":"","format":"standard","meta":{"_FSMCFIC_featured_image_caption":"","_FSMCFIC_featured_image_nocaption":"","_FSMCFIC_featured_image_hide":"","footnotes":""},"categories":[89,85,59],"tags":[],"class_list":["post-333399","post","type-post","status-publish","format-standard","hentry","category-izgradnja-kapaciteta-mzk","category-nasi-programi","category-vesti"],"acf":[],"_links":{"self":[{"href":"https:\/\/womensnetwork.org\/sr\/wp-json\/wp\/v2\/posts\/333399","targetHints":{"allow":["GET"]}}],"collection":[{"href":"https:\/\/womensnetwork.org\/sr\/wp-json\/wp\/v2\/posts"}],"about":[{"href":"https:\/\/womensnetwork.org\/sr\/wp-json\/wp\/v2\/types\/post"}],"author":[{"embeddable":true,"href":"https:\/\/womensnetwork.org\/sr\/wp-json\/wp\/v2\/users\/1"}],"replies":[{"embeddable":true,"href":"https:\/\/womensnetwork.org\/sr\/wp-json\/wp\/v2\/comments?post=333399"}],"version-history":[{"count":2,"href":"https:\/\/womensnetwork.org\/sr\/wp-json\/wp\/v2\/posts\/333399\/revisions"}],"predecessor-version":[{"id":3338333,"href":"https:\/\/womensnetwork.org\/sr\/wp-json\/wp\/v2\/posts\/333399\/revisions\/3338333"}],"wp:attachment":[{"href":"https:\/\/womensnetwork.org\/sr\/wp-json\/wp\/v2\/media?parent=333399"}],"wp:term":[{"taxonomy":"category","embeddable":true,"href":"https:\/\/womensnetwork.org\/sr\/wp-json\/wp\/v2\/categories?post=333399"},{"taxonomy":"post_tag","embeddable":true,"href":"https:\/\/womensnetwork.org\/sr\/wp-json\/wp\/v2\/tags?post=333399"}],"curies":[{"name":"wp","href":"https:\/\/api.w.org\/{rel}","templated":true}]}}