{"id":3343509,"date":"2019-12-24T12:29:12","date_gmt":"2019-12-24T12:29:12","guid":{"rendered":"https:\/\/womensnetwork.org\/?p=3343509"},"modified":"2019-12-28T12:36:09","modified_gmt":"2019-12-28T12:36:09","slug":"aktivistkinje-i-organizacije-zena-razgovaraju-sa-pokretom-samoopredeljenje","status":"publish","type":"post","link":"https:\/\/womensnetwork.org\/sr\/aktivistkinje-i-organizacije-zena-razgovaraju-sa-pokretom-samoopredeljenje\/","title":{"rendered":"Aktivistkinje i organizacije \u017eena razgovaraju sa Pokretom Samoopredeljenje\u00a0\u00a0"},"content":{"rendered":"<p>Mre\u017ea \u017eena Kosova (M\u017dK) je u petak u\u010destvovala na diskusiji o dru\u0161tvenom dijalogu \u201eZajedno sa \u017eenama za razvoj\u201c, koju je organizovao Pokret Samoopredeljenje (LVV).<\/p>\n<p>Albin Kurti, predsednik LVV-a je prvi lider koji se sastaje sa organizacijama \u017eena, pre po\u010detka njegovog mandata kao premijera, kako bi diskutovao o op\u0161toj situaciji u kojoj se nalaze \u017eene na Kosovu. Diskusiju je otvorila Nazile Balaj, rukovodilac Sekretarijata \u017eene aktivistkinje u LVV-u, i tim povodom je pomenula bitnost dru\u0161tvenog dijaloga u pitanjima koja se ti\u010du \u017eena na Kosovu, radi izgradnje politika koje pobolj\u0161avaju njihovu poziciju i situaciju u dru\u0161tvu.<\/p>\n<p>Kurti je dobio re\u010d kako bi istakao uspeh \u017eena koje su se kandidovale na parlamentarnim izborima od 6. oktobra, a izrazio je i svoju spremnost za saradnju sa civilnim dru\u0161tvom i organizacijama \u017eena radi postizanja polne ravnopravnosti.<\/p>\n<blockquote><p><em>\u201eU meni \u0107ete imati \u010doveka koji je zainteresovan da vam pomogne da se bolje organizujete. \u0160to vi\u0161e rodne solidarnosti, jer na mu\u0161karce mo\u017eete ra\u010dunati, ali ne previ\u0161e. Dakle, neophodna je organizacija, neophodna je rodna solidarnost. \u017dena treba da pomogne \u017eeni\u201c, <\/em>rekao je Kurti.<\/p>\n<p><a href=\"https:\/\/womensnetwork.org\/sr\/aktivistkinje-i-organizacije-zena-razgovaraju-sa-pokretom-samoopredeljenje\/img-5491-2\/\" rel=\"attachment wp-att-3343414\"><img fetchpriority=\"high\" decoding=\"async\" class=\"aligncenter wp-image-3343414 size-large\" src=\"https:\/\/womensnetwork.org\/wp-content\/uploads\/2019\/12\/IMG-5491-1024x768.jpg\" alt=\"\" width=\"640\" height=\"480\" srcset=\"https:\/\/womensnetwork.org\/wp-content\/uploads\/2019\/12\/IMG-5491-1024x768.jpg 1024w, https:\/\/womensnetwork.org\/wp-content\/uploads\/2019\/12\/IMG-5491-300x225.jpg 300w, https:\/\/womensnetwork.org\/wp-content\/uploads\/2019\/12\/IMG-5491-768x576.jpg 768w, https:\/\/womensnetwork.org\/wp-content\/uploads\/2019\/12\/IMG-5491-265x200.jpg 265w\" sizes=\"(max-width: 640px) 100vw, 640px\" \/><\/a><\/p><\/blockquote>\n<p>Nedostatak sprovo\u0111enja zakonskog okvira u vezi sa rodnom jednako\u0161\u0107u i raznim problemima sa kojima se suo\u010davaju \u017eene u njihovoj svakodnevnici, bile su klju\u010dne teme o kojima se diskutovalo na ovom sastanku.<\/p>\n<blockquote><p>Adelina Berisha, menad\u017eer projekta o nasilju po rodnom osnovu u M\u017dK-u, u svom obra\u0107anju je rekla: <em>\u201eRaduje nas \u010dinjenica da se u \u010detvrtak o\u010dekuje po\u010detak rada parlamenta i poslanika, i mi se nadamo da \u0107e njihov rad odmah biti otpo\u010det, jer ukoliko je neko imao pote\u0161ko\u0107a, to su uglavnom \u017eene koje kasne sa mnogim inicijativama, koje su ostavljene napola, ili su njihovi \u017eivoti stavljeni u opasnost, pogotovu \u017ertava nasilja u porodici, gde i dan danas, skloni\u0161ta ne znaju da li \u0107e mo\u0107i da funkcioni\u0161u naredna dva meseca, jer pro\u0161la Vlada nije sprovela bud\u017eet za podr\u0161ku skloni\u0161tima\u201c, <\/em>zato je ona zatra\u017eila od poslanika narednog saziva da podr\u017ee konstantnu finansijsku podr\u0161ku skloni\u0161tima i dnevnim centrima koji pru\u017eaju podr\u0161ku \u017ertvama nasilja po rodnom osnovu.<\/p>\n<p><a href=\"https:\/\/womensnetwork.org\/sr\/aktivistkinje-i-organizacije-zena-razgovaraju-sa-pokretom-samoopredeljenje\/adelina-berisha-3\/\" rel=\"attachment wp-att-3343428\"><img decoding=\"async\" class=\"aligncenter wp-image-3343428 size-large\" src=\"https:\/\/womensnetwork.org\/wp-content\/uploads\/2019\/12\/adelina-berisha-1024x683.jpg\" alt=\"\" width=\"640\" height=\"427\" srcset=\"https:\/\/womensnetwork.org\/wp-content\/uploads\/2019\/12\/adelina-berisha-1024x683.jpg 1024w, https:\/\/womensnetwork.org\/wp-content\/uploads\/2019\/12\/adelina-berisha-300x200.jpg 300w, https:\/\/womensnetwork.org\/wp-content\/uploads\/2019\/12\/adelina-berisha-768x512.jpg 768w, https:\/\/womensnetwork.org\/wp-content\/uploads\/2019\/12\/adelina-berisha.jpg 2048w\" sizes=\"(max-width: 640px) 100vw, 640px\" \/><\/a><\/p><\/blockquote>\n<p><strong>\u00a0 Foto: L\u00ebvizja Vet\u00ebvendosje, Facebook\u00a0\u00a0<\/strong><\/p>\n<p>Dalje, ona je tra\u017eila adaptaciju Istambulske konvencije u Ustav Kosova, i tra\u017eila je da tokom sastavljanja sekundarnog zakonodavstva i stvaranja mehanizama koji se zahtevaju na osnovu ove konvencije, postoji bliska saradnja sa organizacijama \u017eena. Izme\u0111u ostalog, Berisha je tra\u017eila da tokom narednog mandata novog saziva budu zavr\u0161ene i dopune i izmene Zakona o radu, imaju\u0107i u vidu preporuke organizacija \u017eena, posebno one koje imaju veze sa odredbama o porodiljskom odsustvu, o\u010dinstvu i roditeljskom odsustvu, koje direktno uti\u010du na stvaranje mogu\u0107nosti za zapo\u0161ljavanje \u017eena; da se dovr\u0161i Zakon o zdravstvenom osiguranju koji \u0107e direktno uticati na lak\u0161i pristup \u017eena zdravstvenoj nezi.<\/p>\n<p>A u vezi sa Gra\u0111anskim zakonikom, tra\u017eeno je da se uzmu u obzir preporuke M\u017dK-a u vezi sa poglavljem 1138 Brak, u kojem se tra\u017ei da se ovo poglavlje uskladi sa Ustavom Republike Kosovo.<\/p>\n<p>Me\u0111u predstavnicama organizacija \u017eena, poslanica, ambasada i raznih agencija, u ovom dijalogu je u\u010destvovala i predsednica Odbora M\u017dK-a Ariana Qosaj Mustafa. Ona je izrazila zabrinutost i sistemu pravde na Kosovu, obuhvataju\u0107i i policiju.<\/p>\n<blockquote><p><em>\u201eDa stvorimo sistem provere koji \u0107e mo\u017eda pove\u0107anjem broja sudija, tu\u017eilaca i policajaca \u017eena, a mo\u017eda i pove\u0107anjem rodne perspektive tokom procesa provere, stvoriti pravdu koja je dostojanstvena za \u017eene. Jer, nepoverenje u \u017eene u institucijama pravde zna\u010di i nepoverenje gra\u0111ana u sistem pravde\u201c, <\/em>rekla je Qosaj-Mustafa.<\/p>\n<p><a href=\"https:\/\/womensnetwork.org\/sr\/aktivistkinje-i-organizacije-zena-razgovaraju-sa-pokretom-samoopredeljenje\/ariana-qosaj-mustafa-2\/\" rel=\"attachment wp-att-3343432\"><img decoding=\"async\" class=\"aligncenter wp-image-3343432 size-large\" src=\"https:\/\/womensnetwork.org\/wp-content\/uploads\/2019\/12\/ariana-qosaj-mustafa-1024x683.jpg\" alt=\"\" width=\"640\" height=\"427\" srcset=\"https:\/\/womensnetwork.org\/wp-content\/uploads\/2019\/12\/ariana-qosaj-mustafa-1024x683.jpg 1024w, https:\/\/womensnetwork.org\/wp-content\/uploads\/2019\/12\/ariana-qosaj-mustafa-300x200.jpg 300w, https:\/\/womensnetwork.org\/wp-content\/uploads\/2019\/12\/ariana-qosaj-mustafa-768x512.jpg 768w, https:\/\/womensnetwork.org\/wp-content\/uploads\/2019\/12\/ariana-qosaj-mustafa.jpg 2048w\" sizes=\"(max-width: 640px) 100vw, 640px\" \/><\/a><\/p><\/blockquote>\n<p><strong>\u00a0 \u00a0 \u00a0 \u00a0 \u00a0 \u00a0 Foto: L\u00ebvizja Vet\u00ebvendosje, Facebook\u00a0\u00a0<\/strong><\/p>\n","protected":false},"excerpt":{"rendered":"<p>Mre\u017ea \u017eena Kosova (M\u017dK) je u petak u\u010destvovala na diskusiji o dru\u0161tvenom dijalogu \u201eZajedno sa \u017eenama za razvoj\u201c, koju je organizovao Pokret Samoopredeljenje (LVV). Albin Kurti, predsednik LVV-a je prvi lider koji se sastaje sa organizacijama \u017eena, pre po\u010detka njegovog mandata kao premijera, kako bi diskutovao o op\u0161toj situaciji u kojoj se nalaze \u017eene na [&hellip;]<\/p>\n","protected":false},"author":7,"featured_media":3343435,"comment_status":"open","ping_status":"open","sticky":false,"template":"","format":"standard","meta":{"_FSMCFIC_featured_image_caption":"","_FSMCFIC_featured_image_nocaption":"","_FSMCFIC_featured_image_hide":"","footnotes":""},"categories":[59],"tags":[],"class_list":["post-3343509","post","type-post","status-publish","format-standard","has-post-thumbnail","hentry","category-vesti"],"acf":[],"_links":{"self":[{"href":"https:\/\/womensnetwork.org\/sr\/wp-json\/wp\/v2\/posts\/3343509","targetHints":{"allow":["GET"]}}],"collection":[{"href":"https:\/\/womensnetwork.org\/sr\/wp-json\/wp\/v2\/posts"}],"about":[{"href":"https:\/\/womensnetwork.org\/sr\/wp-json\/wp\/v2\/types\/post"}],"author":[{"embeddable":true,"href":"https:\/\/womensnetwork.org\/sr\/wp-json\/wp\/v2\/users\/7"}],"replies":[{"embeddable":true,"href":"https:\/\/womensnetwork.org\/sr\/wp-json\/wp\/v2\/comments?post=3343509"}],"version-history":[{"count":2,"href":"https:\/\/womensnetwork.org\/sr\/wp-json\/wp\/v2\/posts\/3343509\/revisions"}],"predecessor-version":[{"id":3343511,"href":"https:\/\/womensnetwork.org\/sr\/wp-json\/wp\/v2\/posts\/3343509\/revisions\/3343511"}],"wp:featuredmedia":[{"embeddable":true,"href":"https:\/\/womensnetwork.org\/sr\/wp-json\/wp\/v2\/media\/3343435"}],"wp:attachment":[{"href":"https:\/\/womensnetwork.org\/sr\/wp-json\/wp\/v2\/media?parent=3343509"}],"wp:term":[{"taxonomy":"category","embeddable":true,"href":"https:\/\/womensnetwork.org\/sr\/wp-json\/wp\/v2\/categories?post=3343509"},{"taxonomy":"post_tag","embeddable":true,"href":"https:\/\/womensnetwork.org\/sr\/wp-json\/wp\/v2\/tags?post=3343509"}],"curies":[{"name":"wp","href":"https:\/\/api.w.org\/{rel}","templated":true}]}}