{"id":3343665,"date":"2019-06-10T15:31:40","date_gmt":"2019-06-10T15:31:40","guid":{"rendered":"https:\/\/womensnetwork.org\/?p=3343665"},"modified":"2020-01-10T15:34:14","modified_gmt":"2020-01-10T15:34:14","slug":"mzk-je-odrzala-svoj-drugi-sastanak-sa-clanovima-2019-godine-2","status":"publish","type":"post","link":"https:\/\/womensnetwork.org\/sr\/mzk-je-odrzala-svoj-drugi-sastanak-sa-clanovima-2019-godine-2\/","title":{"rendered":"M\u017dK je odr\u017eala svoj drugi sastanak sa \u010dlanovima 2019. godine"},"content":{"rendered":"<p>Mre\u017ea \u017eena Kosova (M\u017dK) je 10. juna u Pri\u0161tini odr\u017eala drugi redovni sastanak Skup\u0161tine \u010dlanica za 2019. godinu. Na ovom sastanku je prisustvovalo oko 60 predstavnika organizacija \u010dlanica M\u017dK-a, Lobi za rodnu ravnopravnost (Lobi), kosovske institucije, kao i pobornici rada i kauze M\u017dK-a.<\/p>\n<p>Igballe Rogova, izvr\u0161na direktorica M\u017dK, otvorila je diskusiju navodec\u0301i promociju knjige aktivistkinje Sevdije Ahmeti &#8222;Dnevnik jedne kosovske \u017eene (februar 1998 &#8211; mart 1999) &#8211; Rat pred rat&#8220;, dodajuc\u0301i da c\u0301e prihodi prikupljeni od prodaje ove knjige biti donirani za obrazovanje devoj\u010dica na Kosovu.<\/p>\n<p>Zatim, Rogova je tako\u0111e govorila o 13. krugu \u017denskog fonda Kosova M\u017dK-a (FGK), koji se o\u010dekuje da se otvori za nekoliko nedelja.<\/p>\n<blockquote><p>\u201eTo nije jedina svrha davanja grantova, vec\u0301 osna\u017eivanja \u010dlanova i ja\u010danja njihovih kapaciteta. Srec\u0301a je \u0161to smo zapo\u010deli ovaj proces uz podr\u0161ku Kvinna till Kvinna, a sada smo povec\u0301ali \u0161ansu da imamo vi\u0161e grantova za pomoc\u0301 na\u0161im \u010dlanovima, \u201drekla je ona.<\/p>\n<p><img decoding=\"async\" src=\"https:\/\/womensnetwork.org\/wp-content\/uploads\/2019\/06\/KWNs-membership-meeting-Igballe-Rogova-10.06.2019.jpg\" \/><\/p><\/blockquote>\n<p>Va\u017ean deo ovog sastanka bila je i diskusija o dvodnevnoj izlo\u017ebi protiv nasilja u porodici, koju je organizovala M\u017dK 14. i 15. juna na Trgu &#8222;Skenderbeg&#8220; u glavnom gradu. Koordinator za istra\u017eivanje i zagovaranje o rodno zasnovanom nasilju, Adelina Berisha podijelila je sa prisutnima svrhu izlo\u017ebe.<\/p>\n<blockquote><p>\u201eIzlo\u017ebu izvodimo kao nastavak aktivnosti i borbe protiv nasilja u porodici koje \u017eene do\u017eivljavaju. Pozivamo vas da podr\u017eite otvaranje izlo\u017ebe u Pri\u0161tini da poka\u017eete solidarnost me\u0111u \u017eenama. U me\u0111uvremenu, nakon Pri\u0161tine, izlo\u017eba c\u0301e biti organizovana u drugim op\u0161tinama na Kosovu \u201c, izjavila je Berisha.<\/p>\n<p><a href=\"https:\/\/womensnetwork.org\/sq\/rrgk-mbajti-mbledhjen-e-dyte-me-anetaret-per-vitin-2019\/dsc00661\/\" rel=\"attachment wp-att-3340435\"><img fetchpriority=\"high\" decoding=\"async\" class=\"aligncenter wp-image-3340435 size-full\" src=\"https:\/\/womensnetwork.org\/wp-content\/uploads\/2019\/06\/DSC00661.jpg\" alt=\"\" width=\"4673\" height=\"3589\" srcset=\"https:\/\/womensnetwork.org\/wp-content\/uploads\/2019\/06\/DSC00661.jpg 4673w, https:\/\/womensnetwork.org\/wp-content\/uploads\/2019\/06\/DSC00661-300x230.jpg 300w, https:\/\/womensnetwork.org\/wp-content\/uploads\/2019\/06\/DSC00661-768x590.jpg 768w, https:\/\/womensnetwork.org\/wp-content\/uploads\/2019\/06\/DSC00661-1024x786.jpg 1024w\" sizes=\"(max-width: 4673px) 100vw, 4673px\" \/><\/a><\/p><\/blockquote>\n<p>Vi\u0161e o ovoj izlo\u017ebi pro\u010ditajte <a href=\"https:\/\/www.facebook.com\/events\/470573053517549\/?event_time_id=470573060184215\"><strong><u>OVDE<\/u><\/strong>.<\/a><\/p>\n<p>Nicole\u00a0Farnsworth, programska direktorica, direktorica istra\u017eivanja M\u017dK-a, govorila je o zagovaranju koje Mre\u017ea radi u procesu izmene Zakona o radu, odnosno dela koji odre\u0111uje porodiljsko odsustvo.<\/p>\n<blockquote><p>&#8222;Mi se zala\u017eemo protiv predlo\u017eenih promena amandmana Zakona o radu, jer on ohrabruje \u017eene da ostanu kod kuc\u0301e, a ne da rade. Moramo se suprotstaviti ovom zakonu, mi se zala\u017eemo za rodnu ravnopravnost, \u201drekla je Farnsworth.<\/p>\n<p><a href=\"https:\/\/womensnetwork.org\/sq\/rrgk-mbajti-mbledhjen-e-dyte-me-anetaret-per-vitin-2019\/dsc00707\/\" rel=\"attachment wp-att-3340438\"><img decoding=\"async\" class=\"aligncenter wp-image-3340438 size-full\" src=\"https:\/\/womensnetwork.org\/wp-content\/uploads\/2019\/06\/DSC00707.jpg\" alt=\"\" width=\"4938\" height=\"3617\" srcset=\"https:\/\/womensnetwork.org\/wp-content\/uploads\/2019\/06\/DSC00707.jpg 4938w, https:\/\/womensnetwork.org\/wp-content\/uploads\/2019\/06\/DSC00707-300x220.jpg 300w, https:\/\/womensnetwork.org\/wp-content\/uploads\/2019\/06\/DSC00707-768x563.jpg 768w, https:\/\/womensnetwork.org\/wp-content\/uploads\/2019\/06\/DSC00707-1024x750.jpg 1024w\" sizes=\"(max-width: 4938px) 100vw, 4938px\" \/><\/a><\/p><\/blockquote>\n<p>Feride Rushiti, izvr\u0161na direktorica Kosovskog centra za rehabilitaciju \u017ertava torture (KRCT), govorila je o Me\u0111unarodnom festivalu umetnika i aktivista &#8211; Femart, odr\u017eanom od 10. do 16. juna u Pri\u0161tini.<\/p>\n<blockquote><p>&#8222;U FemArt-u imamo konferenciju. Veoma je va\u017eno nastaviti sa duhom solidarnosti, a ovu konferenciju smo nazvali &#8222;Nesalomljiva&#8220;, gde c\u0301e biti tri panela na kojima c\u0301e se raspravljati o \u0107utanju tokom ovih godina za ovaj zlo\u010din [seksualno nasilje], &#8222;rekla je ona.<\/p>\n<p><a href=\"https:\/\/womensnetwork.org\/sq\/rrgk-mbajti-mbledhjen-e-dyte-me-anetaret-per-vitin-2019\/dsc00724\/\" rel=\"attachment wp-att-3340441\"><img decoding=\"async\" class=\"aligncenter wp-image-3340441 size-full\" src=\"https:\/\/womensnetwork.org\/wp-content\/uploads\/2019\/06\/DSC00724.jpg\" alt=\"\" width=\"5472\" height=\"3648\" srcset=\"https:\/\/womensnetwork.org\/wp-content\/uploads\/2019\/06\/DSC00724.jpg 5472w, https:\/\/womensnetwork.org\/wp-content\/uploads\/2019\/06\/DSC00724-300x200.jpg 300w, https:\/\/womensnetwork.org\/wp-content\/uploads\/2019\/06\/DSC00724-768x512.jpg 768w, https:\/\/womensnetwork.org\/wp-content\/uploads\/2019\/06\/DSC00724-1024x683.jpg 1024w\" sizes=\"(max-width: 5472px) 100vw, 5472px\" \/><\/a><\/p><\/blockquote>\n<p>Shpresa Agushi iz Mre\u017ee \u017eenskih organizacija Roma, A\u0161kalija i Egipc\u0301ana (RROGRAEK), prisec\u0301ajuc\u0301i se napada na Romkinju koji se dogodio pre nekoliko dana, pozvala je na podr\u0161ku svih.<\/p>\n<p>Biljana Nastovska, savetnica za rodna pitanja, Organizacija za evropsku bezbednost i saradnju (OEBS) je rekla da su pokreti \u017eena su\u0161tinski va\u017eni u svakoj zemlji.<\/p>\n<p>&#8222;Va\u0161 rad [Mre\u017ee \u017eena Kosova] c\u0301e pru\u017eiti &#8220; oru\u017eje &#8220; nama na radnom mestu, da se borimo za \u00a0jednakost, jer se niko ne\u0107e usuditi da se suprotstavi tako sna\u017enoj mre\u017ei&#8220;, rekla je ona.<\/p>\n<p><a href=\"https:\/\/womensnetwork.org\/sq\/rrgk-mbajti-mbledhjen-e-dyte-me-anetaret-per-vitin-2019\/dsc00814\/\" rel=\"attachment wp-att-3340444\"><img loading=\"lazy\" decoding=\"async\" class=\"aligncenter wp-image-3340444 size-full\" src=\"https:\/\/womensnetwork.org\/wp-content\/uploads\/2019\/06\/DSC00814.jpg\" alt=\"\" width=\"4582\" height=\"3630\" srcset=\"https:\/\/womensnetwork.org\/wp-content\/uploads\/2019\/06\/DSC00814.jpg 4582w, https:\/\/womensnetwork.org\/wp-content\/uploads\/2019\/06\/DSC00814-300x238.jpg 300w, https:\/\/womensnetwork.org\/wp-content\/uploads\/2019\/06\/DSC00814-768x608.jpg 768w, https:\/\/womensnetwork.org\/wp-content\/uploads\/2019\/06\/DSC00814-1024x811.jpg 1024w\" sizes=\"(max-width: 4582px) 100vw, 4582px\" \/><\/a><\/p>\n<p>\u010clanovi Skup\u0161tine M\u017dK-a tokom ovog dvosatnog sastanka podelili su informacije o aktivnostima koje sprovode u svojim op\u0161tinama \/ organizacijama. Tako\u0111e, \u010dlanovi su obave\u0161teni o aktivnostima kojima c\u0301e ove godine biti ozna\u010den FemArt festival, kao i informacije o me\u0111unarodnoj konferenciji &#8222;Women Deliver&#8220;, u \u010dijem sastavu je pre\u017eivela \u017ertva seksualnog nasilja tokom rata na Kosovu,\u00a0Vasfije\u00a0Krasniqi-Goodman.<\/p>\n<p>Ovaj sastanak je podr\u017ean od strane Kancelarije Evropske unije na Kosovu i Austrijske razvojne agencije (ADA).<\/p>\n","protected":false},"excerpt":{"rendered":"<p>Mre\u017ea \u017eena Kosova (M\u017dK) je 10. juna u Pri\u0161tini odr\u017eala drugi redovni sastanak Skup\u0161tine \u010dlanica za 2019. godinu. Na ovom sastanku je prisustvovalo oko 60 predstavnika organizacija \u010dlanica M\u017dK-a, Lobi za rodnu ravnopravnost (Lobi), kosovske institucije, kao i pobornici rada i kauze M\u017dK-a. Igballe Rogova, izvr\u0161na direktorica M\u017dK, otvorila je diskusiju navodec\u0301i promociju knjige aktivistkinje [&hellip;]<\/p>\n","protected":false},"author":9,"featured_media":3340456,"comment_status":"open","ping_status":"open","sticky":false,"template":"","format":"standard","meta":{"_FSMCFIC_featured_image_caption":"","_FSMCFIC_featured_image_nocaption":"","_FSMCFIC_featured_image_hide":"","footnotes":""},"categories":[59],"tags":[],"class_list":["post-3343665","post","type-post","status-publish","format-standard","has-post-thumbnail","hentry","category-vesti"],"acf":[],"_links":{"self":[{"href":"https:\/\/womensnetwork.org\/sr\/wp-json\/wp\/v2\/posts\/3343665","targetHints":{"allow":["GET"]}}],"collection":[{"href":"https:\/\/womensnetwork.org\/sr\/wp-json\/wp\/v2\/posts"}],"about":[{"href":"https:\/\/womensnetwork.org\/sr\/wp-json\/wp\/v2\/types\/post"}],"author":[{"embeddable":true,"href":"https:\/\/womensnetwork.org\/sr\/wp-json\/wp\/v2\/users\/9"}],"replies":[{"embeddable":true,"href":"https:\/\/womensnetwork.org\/sr\/wp-json\/wp\/v2\/comments?post=3343665"}],"version-history":[{"count":1,"href":"https:\/\/womensnetwork.org\/sr\/wp-json\/wp\/v2\/posts\/3343665\/revisions"}],"predecessor-version":[{"id":3343666,"href":"https:\/\/womensnetwork.org\/sr\/wp-json\/wp\/v2\/posts\/3343665\/revisions\/3343666"}],"wp:featuredmedia":[{"embeddable":true,"href":"https:\/\/womensnetwork.org\/sr\/wp-json\/wp\/v2\/media\/3340456"}],"wp:attachment":[{"href":"https:\/\/womensnetwork.org\/sr\/wp-json\/wp\/v2\/media?parent=3343665"}],"wp:term":[{"taxonomy":"category","embeddable":true,"href":"https:\/\/womensnetwork.org\/sr\/wp-json\/wp\/v2\/categories?post=3343665"},{"taxonomy":"post_tag","embeddable":true,"href":"https:\/\/womensnetwork.org\/sr\/wp-json\/wp\/v2\/tags?post=3343665"}],"curies":[{"name":"wp","href":"https:\/\/api.w.org\/{rel}","templated":true}]}}